{"id":6631,"date":"2020-11-04T00:51:56","date_gmt":"2020-11-03T23:51:56","guid":{"rendered":"http:\/\/agora.xtec.cat\/ceipbaltasar\/?p=6631"},"modified":"2020-11-04T00:55:04","modified_gmt":"2020-11-03T23:55:04","slug":"el-valor-de-la-familia-dons-i-habilitats","status":"publish","type":"post","link":"https:\/\/agora.xtec.cat\/ceipbaltasar\/general\/el-valor-de-la-familia-dons-i-habilitats\/","title":{"rendered":"El Valor de la Fam\u00edlia: dons i habilitats"},"content":{"rendered":"<p>A Valors estem treballant el valor de la Fam\u00edlia, i una de les activitats que hem fet, ha estat entendre d&#8217;una manera gr\u00e0fica com heredem els dons i habilitats de la fam\u00edlia.<\/p>\n<p><a href=\"https:\/\/agora.xtec.cat\/ceipbaltasar\/wp-content\/uploads\/usu989\/2020\/11\/WhatsApp-Image-2020-11-04-at-00.46.30.jpeg\"><img loading=\"lazy\" decoding=\"async\" class=\"aligncenter size-medium wp-image-6633\" src=\"https:\/\/agora.xtec.cat\/ceipbaltasar\/wp-content\/uploads\/usu989\/2020\/11\/WhatsApp-Image-2020-11-04-at-00.46.30-300x225.jpeg\" alt=\"\" width=\"300\" height=\"225\" srcset=\"https:\/\/agora.xtec.cat\/ceipbaltasar\/wp-content\/uploads\/usu989\/2020\/11\/WhatsApp-Image-2020-11-04-at-00.46.30-300x225.jpeg 300w, https:\/\/agora.xtec.cat\/ceipbaltasar\/wp-content\/uploads\/usu989\/2020\/11\/WhatsApp-Image-2020-11-04-at-00.46.30-768x576.jpeg 768w, https:\/\/agora.xtec.cat\/ceipbaltasar\/wp-content\/uploads\/usu989\/2020\/11\/WhatsApp-Image-2020-11-04-at-00.46.30-1024x768.jpeg 1024w, https:\/\/agora.xtec.cat\/ceipbaltasar\/wp-content\/uploads\/usu989\/2020\/11\/WhatsApp-Image-2020-11-04-at-00.46.30-200x150.jpeg 200w, https:\/\/agora.xtec.cat\/ceipbaltasar\/wp-content\/uploads\/usu989\/2020\/11\/WhatsApp-Image-2020-11-04-at-00.46.30.jpeg 1600w\" sizes=\"auto, (max-width: 300px) 100vw, 300px\" \/><\/a><\/p>\n<p>Pitja l&#8217;enlla\u00e7 per veure el v\u00eddeo.<\/p>\n<p><a href=\"https:\/\/www.canva.com\/design\/DAEMeV3X_8Y\/FTi2xj9WY83OMFR9rE85_Q\/watch?utm_content=DAEMeV3X_8Y&amp;utm_campaign=designshare&amp;utm_medium=link&amp;utm_source=publishsharelink\">https:\/\/www.canva.com\/design\/DAEMeV3X_8Y\/FTi2xj9WY83OMFR9rE85_Q\/watch?utm_content=DAEMeV3X_8Y&amp;utm_campaign=designshare&amp;utm_medium=link&amp;utm_source=publishsharelink<\/a><\/p>\n","protected":false},"excerpt":{"rendered":"<p>A Valors estem treballant el valor de la Fam\u00edlia, i una de les activitats que hem fet, ha estat entendre d&#8217;una manera gr\u00e0fica com heredem els dons i habilitats de la fam\u00edlia. Pitja l&#8217;enlla\u00e7 per veure el v\u00eddeo. https:\/\/www.canva.com\/design\/DAEMeV3X_8Y\/FTi2xj9WY83OMFR9rE85_Q\/watch?utm_content=DAEMeV3X_8Y&amp;utm_campaign=designshare&amp;utm_medium=link&amp;utm_source=publishsharelink<\/p>\n","protected":false},"author":12,"featured_media":6633,"comment_status":"open","ping_status":"closed","sticky":false,"template":"","format":"standard","meta":{"_bbp_topic_count":0,"_bbp_reply_count":0,"_bbp_total_topic_count":0,"_bbp_total_reply_count":0,"_bbp_voice_count":0,"_bbp_anonymous_reply_count":0,"_bbp_topic_count_hidden":0,"_bbp_reply_count_hidden":0,"_bbp_forum_subforum_count":0,"site-sidebar-layout":"default","site-content-layout":"","ast-site-content-layout":"","site-content-style":"default","site-sidebar-style":"default","ast-global-header-display":"","ast-banner-title-visibility":"","ast-main-header-display":"","ast-hfb-above-header-display":"","ast-hfb-below-header-display":"","ast-hfb-mobile-header-display":"","site-post-title":"","ast-breadcrumbs-content":"","ast-featured-img":"","footer-sml-layout":"","theme-transparent-header-meta":"","adv-header-id-meta":"","stick-header-meta":"","header-above-stick-meta":"","header-main-stick-meta":"","header-below-stick-meta":"","astra-migrate-meta-layouts":"default","ast-page-background-enabled":"default","ast-page-background-meta":{"desktop":{"background-color":"var(--ast-global-color-4)","background-image":"","background-repeat":"repeat","background-position":"center center","background-size":"auto","background-attachment":"scroll","background-type":"","background-media":"","overlay-type":"","overlay-color":"","overlay-opacity":"","overlay-gradient":""},"tablet":{"background-color":"","background-image":"","background-repeat":"repeat","background-position":"center center","background-size":"auto","background-attachment":"scroll","background-type":"","background-media":"","overlay-type":"","overlay-color":"","overlay-opacity":"","overlay-gradient":""},"mobile":{"background-color":"","background-image":"","background-repeat":"repeat","background-position":"center center","background-size":"auto","background-attachment":"scroll","background-type":"","background-media":"","overlay-type":"","overlay-color":"","overlay-opacity":"","overlay-gradient":""}},"ast-content-background-meta":{"desktop":{"background-color":"var(--ast-global-color-5)","background-image":"","background-repeat":"repeat","background-position":"center center","background-size":"auto","background-attachment":"scroll","background-type":"","background-media":"","overlay-type":"","overlay-color":"","overlay-opacity":"","overlay-gradient":""},"tablet":{"background-color":"var(--ast-global-color-5)","background-image":"","background-repeat":"repeat","background-position":"center center","background-size":"auto","background-attachment":"scroll","background-type":"","background-media":"","overlay-type":"","overlay-color":"","overlay-opacity":"","overlay-gradient":""},"mobile":{"background-color":"var(--ast-global-color-5)","background-image":"","background-repeat":"repeat","background-position":"center center","background-size":"auto","background-attachment":"scroll","background-type":"","background-media":"","overlay-type":"","overlay-color":"","overlay-opacity":"","overlay-gradient":""}},"footnotes":""},"categories":[13,127,1,4,5,130],"tags":[183,242,245,243,244,71],"class_list":["post-6631","post","type-post","status-publish","format-standard","has-post-thumbnail","hentry","category-4t","category-especialitats","category-general","category-portada","category-primaria","category-valorsreligio","tag-baltis","tag-familia","tag-herencia","tag-pedagogia-sistemica","tag-serbaltimola","tag-valors"],"post_mailing_queue_ids":[],"_links":{"self":[{"href":"https:\/\/agora.xtec.cat\/ceipbaltasar\/wp-json\/wp\/v2\/posts\/6631","targetHints":{"allow":["GET"]}}],"collection":[{"href":"https:\/\/agora.xtec.cat\/ceipbaltasar\/wp-json\/wp\/v2\/posts"}],"about":[{"href":"https:\/\/agora.xtec.cat\/ceipbaltasar\/wp-json\/wp\/v2\/types\/post"}],"author":[{"embeddable":true,"href":"https:\/\/agora.xtec.cat\/ceipbaltasar\/wp-json\/wp\/v2\/users\/12"}],"replies":[{"embeddable":true,"href":"https:\/\/agora.xtec.cat\/ceipbaltasar\/wp-json\/wp\/v2\/comments?post=6631"}],"version-history":[{"count":2,"href":"https:\/\/agora.xtec.cat\/ceipbaltasar\/wp-json\/wp\/v2\/posts\/6631\/revisions"}],"predecessor-version":[{"id":6634,"href":"https:\/\/agora.xtec.cat\/ceipbaltasar\/wp-json\/wp\/v2\/posts\/6631\/revisions\/6634"}],"wp:featuredmedia":[{"embeddable":true,"href":"https:\/\/agora.xtec.cat\/ceipbaltasar\/wp-json\/wp\/v2\/media\/6633"}],"wp:attachment":[{"href":"https:\/\/agora.xtec.cat\/ceipbaltasar\/wp-json\/wp\/v2\/media?parent=6631"}],"wp:term":[{"taxonomy":"category","embeddable":true,"href":"https:\/\/agora.xtec.cat\/ceipbaltasar\/wp-json\/wp\/v2\/categories?post=6631"},{"taxonomy":"post_tag","embeddable":true,"href":"https:\/\/agora.xtec.cat\/ceipbaltasar\/wp-json\/wp\/v2\/tags?post=6631"}],"curies":[{"name":"wp","href":"https:\/\/api.w.org\/{rel}","templated":true}]}}