{"id":6608,"date":"2020-11-03T18:54:17","date_gmt":"2020-11-03T17:54:17","guid":{"rendered":"http:\/\/agora.xtec.cat\/ceipbaltasar\/?p=6608"},"modified":"2020-11-03T19:01:12","modified_gmt":"2020-11-03T18:01:12","slug":"inspeccio-de-tardor","status":"publish","type":"post","link":"https:\/\/agora.xtec.cat\/ceipbaltasar\/portada\/inspeccio-de-tardor\/","title":{"rendered":"Projecte rius: inspecci\u00f3 de tardor"},"content":{"rendered":"<p>Els Baltis de 5\u00e8 hem anat al nostre tram del torrent de Masmolets per fer la inspecci\u00f3 de tardor. Aquesta activitat s\u2019emmarca dins del \u201c<strong>Projecte rius<\/strong>\u201d, on els Baltis col\u00b7laborem i som protagonistes de la conservaci\u00f3 del territori, especialment del nostre tram.<\/p>\n<p>L\u2019emerg\u00e8ncia clim\u00e0tica fa que la nostra implicaci\u00f3 en la conservaci\u00f3 del medi natural sigui cada vegada m\u00e9s imprescindible, i <strong>els Baltis en som conscients!\ud83c\udf32\ud83c\udf3f\ud83c\udf31\ud83d\udc38<\/strong><\/p>\n<p><a href=\"https:\/\/agora.xtec.cat\/ceipbaltasar\/wp-content\/uploads\/usu989\/2020\/11\/Foto1.jpg\"><img loading=\"lazy\" decoding=\"async\" class=\"alignnone wp-image-6609\" src=\"https:\/\/agora.xtec.cat\/ceipbaltasar\/wp-content\/uploads\/usu989\/2020\/11\/Foto1-1024x768.jpg\" alt=\"\" width=\"486\" height=\"364\" srcset=\"https:\/\/agora.xtec.cat\/ceipbaltasar\/wp-content\/uploads\/usu989\/2020\/11\/Foto1.jpg 1024w, https:\/\/agora.xtec.cat\/ceipbaltasar\/wp-content\/uploads\/usu989\/2020\/11\/Foto1-300x225.jpg 300w, https:\/\/agora.xtec.cat\/ceipbaltasar\/wp-content\/uploads\/usu989\/2020\/11\/Foto1-768x576.jpg 768w, https:\/\/agora.xtec.cat\/ceipbaltasar\/wp-content\/uploads\/usu989\/2020\/11\/Foto1-200x150.jpg 200w\" sizes=\"auto, (max-width: 486px) 100vw, 486px\" \/><\/a> <a href=\"https:\/\/agora.xtec.cat\/ceipbaltasar\/wp-content\/uploads\/usu989\/2020\/11\/foto-2.jpg\"><img loading=\"lazy\" decoding=\"async\" class=\"alignnone wp-image-6610\" src=\"https:\/\/agora.xtec.cat\/ceipbaltasar\/wp-content\/uploads\/usu989\/2020\/11\/foto-2-1024x768.jpg\" alt=\"\" width=\"484\" height=\"363\" srcset=\"https:\/\/agora.xtec.cat\/ceipbaltasar\/wp-content\/uploads\/usu989\/2020\/11\/foto-2.jpg 1024w, https:\/\/agora.xtec.cat\/ceipbaltasar\/wp-content\/uploads\/usu989\/2020\/11\/foto-2-300x225.jpg 300w, https:\/\/agora.xtec.cat\/ceipbaltasar\/wp-content\/uploads\/usu989\/2020\/11\/foto-2-768x576.jpg 768w, https:\/\/agora.xtec.cat\/ceipbaltasar\/wp-content\/uploads\/usu989\/2020\/11\/foto-2-200x150.jpg 200w\" sizes=\"auto, (max-width: 484px) 100vw, 484px\" \/><\/a><a href=\"https:\/\/agora.xtec.cat\/ceipbaltasar\/wp-content\/uploads\/usu989\/2020\/11\/37931932-cbf4-482c-a1bf-6bd4aba9cefe.jpg\"><img loading=\"lazy\" decoding=\"async\" class=\"alignnone wp-image-6611\" src=\"https:\/\/agora.xtec.cat\/ceipbaltasar\/wp-content\/uploads\/usu989\/2020\/11\/37931932-cbf4-482c-a1bf-6bd4aba9cefe-1024x768.jpg\" alt=\"\" width=\"487\" height=\"365\" srcset=\"https:\/\/agora.xtec.cat\/ceipbaltasar\/wp-content\/uploads\/usu989\/2020\/11\/37931932-cbf4-482c-a1bf-6bd4aba9cefe-1024x768.jpg 1024w, https:\/\/agora.xtec.cat\/ceipbaltasar\/wp-content\/uploads\/usu989\/2020\/11\/37931932-cbf4-482c-a1bf-6bd4aba9cefe-300x225.jpg 300w, https:\/\/agora.xtec.cat\/ceipbaltasar\/wp-content\/uploads\/usu989\/2020\/11\/37931932-cbf4-482c-a1bf-6bd4aba9cefe-768x576.jpg 768w, https:\/\/agora.xtec.cat\/ceipbaltasar\/wp-content\/uploads\/usu989\/2020\/11\/37931932-cbf4-482c-a1bf-6bd4aba9cefe-200x150.jpg 200w, https:\/\/agora.xtec.cat\/ceipbaltasar\/wp-content\/uploads\/usu989\/2020\/11\/37931932-cbf4-482c-a1bf-6bd4aba9cefe.jpg 1600w\" sizes=\"auto, (max-width: 487px) 100vw, 487px\" \/><\/a><\/p>\n","protected":false},"excerpt":{"rendered":"<p>Els Baltis de 5\u00e8 hem anat al nostre tram del torrent de Masmolets per fer la inspecci\u00f3 de tardor. Aquesta activitat s\u2019emmarca dins del \u201cProjecte rius\u201d, on els Baltis col\u00b7laborem i som protagonistes de la conservaci\u00f3 del territori, especialment del nostre tram. L\u2019emerg\u00e8ncia clim\u00e0tica fa que la nostra implicaci\u00f3 en la conservaci\u00f3 del medi natural [&hellip;]<\/p>\n","protected":false},"author":35,"featured_media":6611,"comment_status":"open","ping_status":"closed","sticky":false,"template":"","format":"standard","meta":{"_bbp_topic_count":0,"_bbp_reply_count":0,"_bbp_total_topic_count":0,"_bbp_total_reply_count":0,"_bbp_voice_count":0,"_bbp_anonymous_reply_count":0,"_bbp_topic_count_hidden":0,"_bbp_reply_count_hidden":0,"_bbp_forum_subforum_count":0,"site-sidebar-layout":"default","site-content-layout":"","ast-site-content-layout":"","site-content-style":"default","site-sidebar-style":"default","ast-global-header-display":"","ast-banner-title-visibility":"","ast-main-header-display":"","ast-hfb-above-header-display":"","ast-hfb-below-header-display":"","ast-hfb-mobile-header-display":"","site-post-title":"","ast-breadcrumbs-content":"","ast-featured-img":"","footer-sml-layout":"","theme-transparent-header-meta":"","adv-header-id-meta":"","stick-header-meta":"","header-above-stick-meta":"","header-main-stick-meta":"","header-below-stick-meta":"","astra-migrate-meta-layouts":"default","ast-page-background-enabled":"default","ast-page-background-meta":{"desktop":{"background-color":"var(--ast-global-color-4)","background-image":"","background-repeat":"repeat","background-position":"center center","background-size":"auto","background-attachment":"scroll","background-type":"","background-media":"","overlay-type":"","overlay-color":"","overlay-opacity":"","overlay-gradient":""},"tablet":{"background-color":"","background-image":"","background-repeat":"repeat","background-position":"center center","background-size":"auto","background-attachment":"scroll","background-type":"","background-media":"","overlay-type":"","overlay-color":"","overlay-opacity":"","overlay-gradient":""},"mobile":{"background-color":"","background-image":"","background-repeat":"repeat","background-position":"center center","background-size":"auto","background-attachment":"scroll","background-type":"","background-media":"","overlay-type":"","overlay-color":"","overlay-opacity":"","overlay-gradient":""}},"ast-content-background-meta":{"desktop":{"background-color":"var(--ast-global-color-5)","background-image":"","background-repeat":"repeat","background-position":"center center","background-size":"auto","background-attachment":"scroll","background-type":"","background-media":"","overlay-type":"","overlay-color":"","overlay-opacity":"","overlay-gradient":""},"tablet":{"background-color":"var(--ast-global-color-5)","background-image":"","background-repeat":"repeat","background-position":"center center","background-size":"auto","background-attachment":"scroll","background-type":"","background-media":"","overlay-type":"","overlay-color":"","overlay-opacity":"","overlay-gradient":""},"mobile":{"background-color":"var(--ast-global-color-5)","background-image":"","background-repeat":"repeat","background-position":"center center","background-size":"auto","background-attachment":"scroll","background-type":"","background-media":"","overlay-type":"","overlay-color":"","overlay-opacity":"","overlay-gradient":""}},"footnotes":""},"categories":[14,4,5],"tags":[],"class_list":["post-6608","post","type-post","status-publish","format-standard","has-post-thumbnail","hentry","category-5e","category-portada","category-primaria"],"post_mailing_queue_ids":[],"_links":{"self":[{"href":"https:\/\/agora.xtec.cat\/ceipbaltasar\/wp-json\/wp\/v2\/posts\/6608","targetHints":{"allow":["GET"]}}],"collection":[{"href":"https:\/\/agora.xtec.cat\/ceipbaltasar\/wp-json\/wp\/v2\/posts"}],"about":[{"href":"https:\/\/agora.xtec.cat\/ceipbaltasar\/wp-json\/wp\/v2\/types\/post"}],"author":[{"embeddable":true,"href":"https:\/\/agora.xtec.cat\/ceipbaltasar\/wp-json\/wp\/v2\/users\/35"}],"replies":[{"embeddable":true,"href":"https:\/\/agora.xtec.cat\/ceipbaltasar\/wp-json\/wp\/v2\/comments?post=6608"}],"version-history":[{"count":3,"href":"https:\/\/agora.xtec.cat\/ceipbaltasar\/wp-json\/wp\/v2\/posts\/6608\/revisions"}],"predecessor-version":[{"id":6616,"href":"https:\/\/agora.xtec.cat\/ceipbaltasar\/wp-json\/wp\/v2\/posts\/6608\/revisions\/6616"}],"wp:featuredmedia":[{"embeddable":true,"href":"https:\/\/agora.xtec.cat\/ceipbaltasar\/wp-json\/wp\/v2\/media\/6611"}],"wp:attachment":[{"href":"https:\/\/agora.xtec.cat\/ceipbaltasar\/wp-json\/wp\/v2\/media?parent=6608"}],"wp:term":[{"taxonomy":"category","embeddable":true,"href":"https:\/\/agora.xtec.cat\/ceipbaltasar\/wp-json\/wp\/v2\/categories?post=6608"},{"taxonomy":"post_tag","embeddable":true,"href":"https:\/\/agora.xtec.cat\/ceipbaltasar\/wp-json\/wp\/v2\/tags?post=6608"}],"curies":[{"name":"wp","href":"https:\/\/api.w.org\/{rel}","templated":true}]}}