{"id":6557,"date":"2020-10-21T10:26:23","date_gmt":"2020-10-21T08:26:23","guid":{"rendered":"http:\/\/agora.xtec.cat\/ceipbaltasar\/?p=6557"},"modified":"2020-10-22T16:16:40","modified_gmt":"2020-10-22T14:16:40","slug":"diari-daula-3","status":"publish","type":"post","link":"https:\/\/agora.xtec.cat\/ceipbaltasar\/portada\/diari-daula-3\/","title":{"rendered":"Diari d&#8217;aula de 1r"},"content":{"rendered":"<p><a href=\"https:\/\/sites.google.com\/baltasarsegu.cat\/diari-daula-baltis-de-1r\/p%C3%A0gina-principal\" target=\"_blank\" rel=\"noopener noreferrer\"><img loading=\"lazy\" decoding=\"async\" class=\"alignnone size-full wp-image-6556\" src=\"https:\/\/agora.xtec.cat\/ceipbaltasar\/wp-content\/uploads\/usu989\/2020\/10\/Portada.png\" alt=\"\" width=\"873\" height=\"619\" srcset=\"https:\/\/agora.xtec.cat\/ceipbaltasar\/wp-content\/uploads\/usu989\/2020\/10\/Portada.png 873w, https:\/\/agora.xtec.cat\/ceipbaltasar\/wp-content\/uploads\/usu989\/2020\/10\/Portada-300x213.png 300w, https:\/\/agora.xtec.cat\/ceipbaltasar\/wp-content\/uploads\/usu989\/2020\/10\/Portada-768x545.png 768w\" sizes=\"auto, (max-width: 873px) 100vw, 873px\" \/><\/a><\/p>\n<p>Aquest \u00e9s el diari d&#8217;aula dels <strong>BALT1S<\/strong>. Els infants peri\u00f2dicament escriuran les seves <b>experi\u00e8ncies<\/b> a l\u2019escola.<\/p>\n<p>Aquest curs tothom realitzar\u00e0 el seu propi diari personal. Setmanalment escollirem una de les produccions realitzades pels alumnes per tal de comparir-ho en aquest <b>diari virtual\u00a0<\/b>que tots podreu consultar. L\u2019il\u00b7lustrarem amb fotografies i dibuixos de les activitats realitzades.<\/p>\n<p><b>Amb aquest diari pretenem:<\/b><\/p>\n<ul>\n<li>Fomentar les <b>ganes d\u2019escriure\u00a0<\/b>per llegir i escriure per comunicar-nos.<\/li>\n<li>Recollir de primera m\u00e0 all\u00f2 que els nens i nenes de la classe <b>volen expressar<\/b>.<\/li>\n<li>Fer <b style=\"font-family: inherit; font-size: 1em;\">escriptors i lectors actius\u00a0<\/b><span style=\"font-family: inherit; font-size: 1em;\">als nens i nenes de la classe.<\/span><\/li>\n<li><b style=\"font-family: inherit; font-size: 1em;\">Compartir<\/b><span style=\"font-family: inherit; font-size: 1em;\"> amb les fam\u00edlies all\u00f2 que anem fent.<\/span><\/li>\n<li>Participar i <b style=\"font-family: inherit; font-size: 1em;\">tenir cura\u00a0<\/b><span style=\"font-family: inherit; font-size: 1em;\">d\u2019una feina col\u00b7lectiva<\/span><\/li>\n<\/ul>\n","protected":false},"excerpt":{"rendered":"<p>Aquest \u00e9s el diari d&#8217;aula dels BALT1S. Els infants peri\u00f2dicament escriuran les seves experi\u00e8ncies a l\u2019escola. Aquest curs tothom realitzar\u00e0 el seu propi diari personal. Setmanalment escollirem una de les produccions realitzades pels alumnes per tal de comparir-ho en aquest diari virtual\u00a0que tots podreu consultar. L\u2019il\u00b7lustrarem amb fotografies i dibuixos de les activitats realitzades. Amb [&hellip;]<\/p>\n","protected":false},"author":34,"featured_media":6556,"comment_status":"open","ping_status":"closed","sticky":false,"template":"","format":"standard","meta":{"_bbp_topic_count":0,"_bbp_reply_count":0,"_bbp_total_topic_count":0,"_bbp_total_reply_count":0,"_bbp_voice_count":0,"_bbp_anonymous_reply_count":0,"_bbp_topic_count_hidden":0,"_bbp_reply_count_hidden":0,"_bbp_forum_subforum_count":0,"site-sidebar-layout":"default","site-content-layout":"","ast-site-content-layout":"","site-content-style":"default","site-sidebar-style":"default","ast-global-header-display":"","ast-banner-title-visibility":"","ast-main-header-display":"","ast-hfb-above-header-display":"","ast-hfb-below-header-display":"","ast-hfb-mobile-header-display":"","site-post-title":"","ast-breadcrumbs-content":"","ast-featured-img":"","footer-sml-layout":"","theme-transparent-header-meta":"","adv-header-id-meta":"","stick-header-meta":"","header-above-stick-meta":"","header-main-stick-meta":"","header-below-stick-meta":"","astra-migrate-meta-layouts":"default","ast-page-background-enabled":"default","ast-page-background-meta":{"desktop":{"background-color":"var(--ast-global-color-4)","background-image":"","background-repeat":"repeat","background-position":"center center","background-size":"auto","background-attachment":"scroll","background-type":"","background-media":"","overlay-type":"","overlay-color":"","overlay-opacity":"","overlay-gradient":""},"tablet":{"background-color":"","background-image":"","background-repeat":"repeat","background-position":"center center","background-size":"auto","background-attachment":"scroll","background-type":"","background-media":"","overlay-type":"","overlay-color":"","overlay-opacity":"","overlay-gradient":""},"mobile":{"background-color":"","background-image":"","background-repeat":"repeat","background-position":"center center","background-size":"auto","background-attachment":"scroll","background-type":"","background-media":"","overlay-type":"","overlay-color":"","overlay-opacity":"","overlay-gradient":""}},"ast-content-background-meta":{"desktop":{"background-color":"var(--ast-global-color-5)","background-image":"","background-repeat":"repeat","background-position":"center center","background-size":"auto","background-attachment":"scroll","background-type":"","background-media":"","overlay-type":"","overlay-color":"","overlay-opacity":"","overlay-gradient":""},"tablet":{"background-color":"var(--ast-global-color-5)","background-image":"","background-repeat":"repeat","background-position":"center center","background-size":"auto","background-attachment":"scroll","background-type":"","background-media":"","overlay-type":"","overlay-color":"","overlay-opacity":"","overlay-gradient":""},"mobile":{"background-color":"var(--ast-global-color-5)","background-image":"","background-repeat":"repeat","background-position":"center center","background-size":"auto","background-attachment":"scroll","background-type":"","background-media":"","overlay-type":"","overlay-color":"","overlay-opacity":"","overlay-gradient":""}},"footnotes":""},"categories":[10,4],"tags":[],"class_list":["post-6557","post","type-post","status-publish","format-standard","has-post-thumbnail","hentry","category-1r","category-portada"],"post_mailing_queue_ids":[],"_links":{"self":[{"href":"https:\/\/agora.xtec.cat\/ceipbaltasar\/wp-json\/wp\/v2\/posts\/6557","targetHints":{"allow":["GET"]}}],"collection":[{"href":"https:\/\/agora.xtec.cat\/ceipbaltasar\/wp-json\/wp\/v2\/posts"}],"about":[{"href":"https:\/\/agora.xtec.cat\/ceipbaltasar\/wp-json\/wp\/v2\/types\/post"}],"author":[{"embeddable":true,"href":"https:\/\/agora.xtec.cat\/ceipbaltasar\/wp-json\/wp\/v2\/users\/34"}],"replies":[{"embeddable":true,"href":"https:\/\/agora.xtec.cat\/ceipbaltasar\/wp-json\/wp\/v2\/comments?post=6557"}],"version-history":[{"count":3,"href":"https:\/\/agora.xtec.cat\/ceipbaltasar\/wp-json\/wp\/v2\/posts\/6557\/revisions"}],"predecessor-version":[{"id":6571,"href":"https:\/\/agora.xtec.cat\/ceipbaltasar\/wp-json\/wp\/v2\/posts\/6557\/revisions\/6571"}],"wp:featuredmedia":[{"embeddable":true,"href":"https:\/\/agora.xtec.cat\/ceipbaltasar\/wp-json\/wp\/v2\/media\/6556"}],"wp:attachment":[{"href":"https:\/\/agora.xtec.cat\/ceipbaltasar\/wp-json\/wp\/v2\/media?parent=6557"}],"wp:term":[{"taxonomy":"category","embeddable":true,"href":"https:\/\/agora.xtec.cat\/ceipbaltasar\/wp-json\/wp\/v2\/categories?post=6557"},{"taxonomy":"post_tag","embeddable":true,"href":"https:\/\/agora.xtec.cat\/ceipbaltasar\/wp-json\/wp\/v2\/tags?post=6557"}],"curies":[{"name":"wp","href":"https:\/\/api.w.org\/{rel}","templated":true}]}}