{"id":6215,"date":"2020-03-28T00:07:58","date_gmt":"2020-03-27T23:07:58","guid":{"rendered":"http:\/\/agora.xtec.cat\/ceipbaltasar\/?p=6215"},"modified":"2020-03-28T00:07:58","modified_gmt":"2020-03-27T23:07:58","slug":"nova-accio-assemblea","status":"publish","type":"post","link":"https:\/\/agora.xtec.cat\/ceipbaltasar\/portada\/nova-accio-assemblea\/","title":{"rendered":"Nova acci\u00f3: Assemblea"},"content":{"rendered":"<p>Al mes de mar\u00e7 vam iniciar una nova acci\u00f3 a l&#8217;espai de migdia: assemblea per a cadascun dels grups que hi ha organitzat al Baltimenjador.<\/p>\n<p>Vam presentar l&#8217;activitat, preguntant si alg\u00fa sabia que volia dir assemblea i van arribar a la conclusi\u00f3 com a grup, que es tractava d&#8217;una reuni\u00f3. Aleshores se&#8217;ls hi va explicar que en aquesta reuni\u00f3 els diferents grups tindrien un espai d&#8217;expressi\u00f3, per comentar tot all\u00f2 que els inquieta, que els hi molesta, que els hi agrada&#8230;i tamb\u00e9 per fer propostes per part d&#8217;ells i dur a terme reflexions conjuntes monitores-infants.<\/p>\n<p>En aquesta primera sessi\u00f3, cadasc\u00fa va expressar que li agradava i que no li agradava de l&#8217;espai de menjador i quins compromisos havien d&#8217;assumir, perqu\u00e8 les situacions de no agrat poguessin canviar. Per acabar vam estar parlant de les activitats que es duen a terme i de propostes que volguessin fer.<\/p>\n<p>Seguirem realitzant aquestes trobades un cop al mes, ja que creiem que \u00e9s important tenir un espai de reflexi\u00f3 i di\u00e0leg, en petits grups, per aix\u00ed potenciar la expressi\u00f3 dels infants i que aquests prenguin consci\u00e8ncia de les seves responsabilitats i compromisos per una bona conviv\u00e8ncia grupal.<\/p>\n<div id='gallery-1' class='gallery galleryid-6215 gallery-columns-2 gallery-size-full'><figure class='gallery-item'>\n\t\t\t<div class='gallery-icon landscape'>\n\t\t\t\t<a href='https:\/\/agora.xtec.cat\/ceipbaltasar\/portada\/nova-accio-assemblea\/attachment\/img-20200326-wa0005\/'><img loading=\"lazy\" decoding=\"async\" width=\"1280\" height=\"960\" src=\"https:\/\/agora.xtec.cat\/ceipbaltasar\/wp-content\/uploads\/usu989\/2020\/03\/IMG-20200326-WA0005.jpg\" class=\"attachment-full size-full\" alt=\"\" srcset=\"https:\/\/agora.xtec.cat\/ceipbaltasar\/wp-content\/uploads\/usu989\/2020\/03\/IMG-20200326-WA0005.jpg 1280w, https:\/\/agora.xtec.cat\/ceipbaltasar\/wp-content\/uploads\/usu989\/2020\/03\/IMG-20200326-WA0005-300x225.jpg 300w, https:\/\/agora.xtec.cat\/ceipbaltasar\/wp-content\/uploads\/usu989\/2020\/03\/IMG-20200326-WA0005-768x576.jpg 768w, https:\/\/agora.xtec.cat\/ceipbaltasar\/wp-content\/uploads\/usu989\/2020\/03\/IMG-20200326-WA0005-1024x768.jpg 1024w, https:\/\/agora.xtec.cat\/ceipbaltasar\/wp-content\/uploads\/usu989\/2020\/03\/IMG-20200326-WA0005-200x150.jpg 200w\" sizes=\"auto, (max-width: 1280px) 100vw, 1280px\" \/><\/a>\n\t\t\t<\/div><\/figure><figure class='gallery-item'>\n\t\t\t<div class='gallery-icon landscape'>\n\t\t\t\t<a href='https:\/\/agora.xtec.cat\/ceipbaltasar\/portada\/nova-accio-assemblea\/attachment\/sdr-228\/'><img loading=\"lazy\" decoding=\"async\" width=\"1024\" height=\"1024\" src=\"https:\/\/agora.xtec.cat\/ceipbaltasar\/wp-content\/uploads\/usu989\/2020\/03\/IMG_20200304_143811.jpg\" class=\"attachment-full size-full\" alt=\"\" srcset=\"https:\/\/agora.xtec.cat\/ceipbaltasar\/wp-content\/uploads\/usu989\/2020\/03\/IMG_20200304_143811.jpg 1024w, https:\/\/agora.xtec.cat\/ceipbaltasar\/wp-content\/uploads\/usu989\/2020\/03\/IMG_20200304_143811-150x150.jpg 150w, https:\/\/agora.xtec.cat\/ceipbaltasar\/wp-content\/uploads\/usu989\/2020\/03\/IMG_20200304_143811-300x300.jpg 300w, https:\/\/agora.xtec.cat\/ceipbaltasar\/wp-content\/uploads\/usu989\/2020\/03\/IMG_20200304_143811-768x768.jpg 768w\" sizes=\"auto, (max-width: 1024px) 100vw, 1024px\" \/><\/a>\n\t\t\t<\/div><\/figure>\n\t\t<\/div>\n\n<p>&nbsp;<\/p>\n","protected":false},"excerpt":{"rendered":"<p>Al mes de mar\u00e7 vam iniciar una nova acci\u00f3 a l&#8217;espai de migdia: assemblea per a cadascun dels grups que hi ha organitzat al Baltimenjador. Vam presentar l&#8217;activitat, preguntant si alg\u00fa sabia que volia dir assemblea i van arribar a la conclusi\u00f3 com a grup, que es tractava d&#8217;una reuni\u00f3. Aleshores se&#8217;ls hi va explicar [&hellip;]<\/p>\n","protected":false},"author":1,"featured_media":6217,"comment_status":"open","ping_status":"closed","sticky":false,"template":"","format":"standard","meta":{"_bbp_topic_count":0,"_bbp_reply_count":0,"_bbp_total_topic_count":0,"_bbp_total_reply_count":0,"_bbp_voice_count":0,"_bbp_anonymous_reply_count":0,"_bbp_topic_count_hidden":0,"_bbp_reply_count_hidden":0,"_bbp_forum_subforum_count":0,"site-sidebar-layout":"default","site-content-layout":"","ast-site-content-layout":"","site-content-style":"default","site-sidebar-style":"default","ast-global-header-display":"","ast-banner-title-visibility":"","ast-main-header-display":"","ast-hfb-above-header-display":"","ast-hfb-below-header-display":"","ast-hfb-mobile-header-display":"","site-post-title":"","ast-breadcrumbs-content":"","ast-featured-img":"","footer-sml-layout":"","theme-transparent-header-meta":"","adv-header-id-meta":"","stick-header-meta":"","header-above-stick-meta":"","header-main-stick-meta":"","header-below-stick-meta":"","astra-migrate-meta-layouts":"default","ast-page-background-enabled":"default","ast-page-background-meta":{"desktop":{"background-color":"var(--ast-global-color-4)","background-image":"","background-repeat":"repeat","background-position":"center center","background-size":"auto","background-attachment":"scroll","background-type":"","background-media":"","overlay-type":"","overlay-color":"","overlay-opacity":"","overlay-gradient":""},"tablet":{"background-color":"","background-image":"","background-repeat":"repeat","background-position":"center center","background-size":"auto","background-attachment":"scroll","background-type":"","background-media":"","overlay-type":"","overlay-color":"","overlay-opacity":"","overlay-gradient":""},"mobile":{"background-color":"","background-image":"","background-repeat":"repeat","background-position":"center center","background-size":"auto","background-attachment":"scroll","background-type":"","background-media":"","overlay-type":"","overlay-color":"","overlay-opacity":"","overlay-gradient":""}},"ast-content-background-meta":{"desktop":{"background-color":"var(--ast-global-color-5)","background-image":"","background-repeat":"repeat","background-position":"center center","background-size":"auto","background-attachment":"scroll","background-type":"","background-media":"","overlay-type":"","overlay-color":"","overlay-opacity":"","overlay-gradient":""},"tablet":{"background-color":"var(--ast-global-color-5)","background-image":"","background-repeat":"repeat","background-position":"center center","background-size":"auto","background-attachment":"scroll","background-type":"","background-media":"","overlay-type":"","overlay-color":"","overlay-opacity":"","overlay-gradient":""},"mobile":{"background-color":"var(--ast-global-color-5)","background-image":"","background-repeat":"repeat","background-position":"center center","background-size":"auto","background-attachment":"scroll","background-type":"","background-media":"","overlay-type":"","overlay-color":"","overlay-opacity":"","overlay-gradient":""}},"footnotes":""},"categories":[4],"tags":[58,184,90],"class_list":["post-6215","post","type-post","status-publish","format-standard","has-post-thumbnail","hentry","category-portada","tag-baltasar-segu","tag-menjador","tag-serbaltimolamolt"],"post_mailing_queue_ids":[],"_links":{"self":[{"href":"https:\/\/agora.xtec.cat\/ceipbaltasar\/wp-json\/wp\/v2\/posts\/6215","targetHints":{"allow":["GET"]}}],"collection":[{"href":"https:\/\/agora.xtec.cat\/ceipbaltasar\/wp-json\/wp\/v2\/posts"}],"about":[{"href":"https:\/\/agora.xtec.cat\/ceipbaltasar\/wp-json\/wp\/v2\/types\/post"}],"author":[{"embeddable":true,"href":"https:\/\/agora.xtec.cat\/ceipbaltasar\/wp-json\/wp\/v2\/users\/1"}],"replies":[{"embeddable":true,"href":"https:\/\/agora.xtec.cat\/ceipbaltasar\/wp-json\/wp\/v2\/comments?post=6215"}],"version-history":[{"count":1,"href":"https:\/\/agora.xtec.cat\/ceipbaltasar\/wp-json\/wp\/v2\/posts\/6215\/revisions"}],"predecessor-version":[{"id":6218,"href":"https:\/\/agora.xtec.cat\/ceipbaltasar\/wp-json\/wp\/v2\/posts\/6215\/revisions\/6218"}],"wp:featuredmedia":[{"embeddable":true,"href":"https:\/\/agora.xtec.cat\/ceipbaltasar\/wp-json\/wp\/v2\/media\/6217"}],"wp:attachment":[{"href":"https:\/\/agora.xtec.cat\/ceipbaltasar\/wp-json\/wp\/v2\/media?parent=6215"}],"wp:term":[{"taxonomy":"category","embeddable":true,"href":"https:\/\/agora.xtec.cat\/ceipbaltasar\/wp-json\/wp\/v2\/categories?post=6215"},{"taxonomy":"post_tag","embeddable":true,"href":"https:\/\/agora.xtec.cat\/ceipbaltasar\/wp-json\/wp\/v2\/tags?post=6215"}],"curies":[{"name":"wp","href":"https:\/\/api.w.org\/{rel}","templated":true}]}}