{"id":6084,"date":"2020-03-19T09:07:41","date_gmt":"2020-03-19T08:07:41","guid":{"rendered":"http:\/\/agora.xtec.cat\/ceipbaltasar\/?p=6084"},"modified":"2020-03-19T11:10:49","modified_gmt":"2020-03-19T10:10:49","slug":"per-sant-josep-crema-catalana","status":"publish","type":"post","link":"https:\/\/agora.xtec.cat\/ceipbaltasar\/general\/per-sant-josep-crema-catalana\/","title":{"rendered":"Per Sant Josep: CREMA CATALANA"},"content":{"rendered":"<p><a href=\"https:\/\/drive.google.com\/open?id=1H94K5n6NuNaE2gY214ZV8mU6vMV2rh_s\" target=\"_blank\" rel=\"noopener noreferrer\"><img loading=\"lazy\" decoding=\"async\" class=\"aligncenter size-medium wp-image-6087\" src=\"https:\/\/agora.xtec.cat\/ceipbaltasar\/wp-content\/uploads\/usu989\/2020\/03\/crema-catalana-300x200.jpg\" alt=\"\" width=\"300\" height=\"200\" srcset=\"https:\/\/agora.xtec.cat\/ceipbaltasar\/wp-content\/uploads\/usu989\/2020\/03\/crema-catalana-300x200.jpg 300w, https:\/\/agora.xtec.cat\/ceipbaltasar\/wp-content\/uploads\/usu989\/2020\/03\/crema-catalana.jpg 700w\" sizes=\"auto, (max-width: 300px) 100vw, 300px\" \/><\/a>El 19 de mar\u00e7 \u00e9s t\u00edpic fer crema catalana.\u00a0 Segons Joan Amades, la tradici\u00f3 dels romans.\u00a0 En aquest mes, degut a que el dia s&#8217;allarga i millora el temps, les gallines ponen m\u00e9s ous, els vedells neixen i per tant les vaques tenen m\u00e9s llet.\u00a0 \u00c9s normal que a les cases fessin crema.<\/p>\n<p>A l&#8217;escola acostumem a fer-ne en aquestes dates, per aix\u00f2 us deixem la <a href=\"https:\/\/drive.google.com\/open?id=1YWmaNQvFnnZZQYMlE9osC5ORPY8J8ahvdoBsdGzXf8I\" target=\"_blank\" rel=\"noopener noreferrer\">recepta<\/a> per si la voleu fer\u00a0 a casa.\u00a0 <a href=\"https:\/\/drive.google.com\/open?id=1YWmaNQvFnnZZQYMlE9osC5ORPY8J8ahvdoBsdGzXf8I\" target=\"_blank\" rel=\"noopener noreferrer\">Crema Catalana.<\/a><\/p>\n<p>&nbsp;<\/p>\n<p>&nbsp;<\/p>\n","protected":false},"excerpt":{"rendered":"<p>El 19 de mar\u00e7 \u00e9s t\u00edpic fer crema catalana.\u00a0 Segons Joan Amades, la tradici\u00f3 dels romans.\u00a0 En aquest mes, degut a que el dia s&#8217;allarga i millora el temps, les gallines ponen m\u00e9s ous, els vedells neixen i per tant les vaques tenen m\u00e9s llet.\u00a0 \u00c9s normal que a les cases fessin crema. A l&#8217;escola [&hellip;]<\/p>\n","protected":false},"author":18,"featured_media":6087,"comment_status":"open","ping_status":"closed","sticky":false,"template":"","format":"standard","meta":{"_bbp_topic_count":0,"_bbp_reply_count":0,"_bbp_total_topic_count":0,"_bbp_total_reply_count":0,"_bbp_voice_count":0,"_bbp_anonymous_reply_count":0,"_bbp_topic_count_hidden":0,"_bbp_reply_count_hidden":0,"_bbp_forum_subforum_count":0,"site-sidebar-layout":"default","site-content-layout":"","ast-site-content-layout":"","site-content-style":"default","site-sidebar-style":"default","ast-global-header-display":"","ast-banner-title-visibility":"","ast-main-header-display":"","ast-hfb-above-header-display":"","ast-hfb-below-header-display":"","ast-hfb-mobile-header-display":"","site-post-title":"","ast-breadcrumbs-content":"","ast-featured-img":"","footer-sml-layout":"","theme-transparent-header-meta":"","adv-header-id-meta":"","stick-header-meta":"","header-above-stick-meta":"","header-main-stick-meta":"","header-below-stick-meta":"","astra-migrate-meta-layouts":"default","ast-page-background-enabled":"default","ast-page-background-meta":{"desktop":{"background-color":"var(--ast-global-color-4)","background-image":"","background-repeat":"repeat","background-position":"center center","background-size":"auto","background-attachment":"scroll","background-type":"","background-media":"","overlay-type":"","overlay-color":"","overlay-opacity":"","overlay-gradient":""},"tablet":{"background-color":"","background-image":"","background-repeat":"repeat","background-position":"center center","background-size":"auto","background-attachment":"scroll","background-type":"","background-media":"","overlay-type":"","overlay-color":"","overlay-opacity":"","overlay-gradient":""},"mobile":{"background-color":"","background-image":"","background-repeat":"repeat","background-position":"center center","background-size":"auto","background-attachment":"scroll","background-type":"","background-media":"","overlay-type":"","overlay-color":"","overlay-opacity":"","overlay-gradient":""}},"ast-content-background-meta":{"desktop":{"background-color":"var(--ast-global-color-5)","background-image":"","background-repeat":"repeat","background-position":"center center","background-size":"auto","background-attachment":"scroll","background-type":"","background-media":"","overlay-type":"","overlay-color":"","overlay-opacity":"","overlay-gradient":""},"tablet":{"background-color":"var(--ast-global-color-5)","background-image":"","background-repeat":"repeat","background-position":"center center","background-size":"auto","background-attachment":"scroll","background-type":"","background-media":"","overlay-type":"","overlay-color":"","overlay-opacity":"","overlay-gradient":""},"mobile":{"background-color":"var(--ast-global-color-5)","background-image":"","background-repeat":"repeat","background-position":"center center","background-size":"auto","background-attachment":"scroll","background-type":"","background-media":"","overlay-type":"","overlay-color":"","overlay-opacity":"","overlay-gradient":""}},"footnotes":""},"categories":[1,4],"tags":[],"class_list":["post-6084","post","type-post","status-publish","format-standard","has-post-thumbnail","hentry","category-general","category-portada"],"post_mailing_queue_ids":[],"_links":{"self":[{"href":"https:\/\/agora.xtec.cat\/ceipbaltasar\/wp-json\/wp\/v2\/posts\/6084","targetHints":{"allow":["GET"]}}],"collection":[{"href":"https:\/\/agora.xtec.cat\/ceipbaltasar\/wp-json\/wp\/v2\/posts"}],"about":[{"href":"https:\/\/agora.xtec.cat\/ceipbaltasar\/wp-json\/wp\/v2\/types\/post"}],"author":[{"embeddable":true,"href":"https:\/\/agora.xtec.cat\/ceipbaltasar\/wp-json\/wp\/v2\/users\/18"}],"replies":[{"embeddable":true,"href":"https:\/\/agora.xtec.cat\/ceipbaltasar\/wp-json\/wp\/v2\/comments?post=6084"}],"version-history":[{"count":4,"href":"https:\/\/agora.xtec.cat\/ceipbaltasar\/wp-json\/wp\/v2\/posts\/6084\/revisions"}],"predecessor-version":[{"id":6097,"href":"https:\/\/agora.xtec.cat\/ceipbaltasar\/wp-json\/wp\/v2\/posts\/6084\/revisions\/6097"}],"wp:featuredmedia":[{"embeddable":true,"href":"https:\/\/agora.xtec.cat\/ceipbaltasar\/wp-json\/wp\/v2\/media\/6087"}],"wp:attachment":[{"href":"https:\/\/agora.xtec.cat\/ceipbaltasar\/wp-json\/wp\/v2\/media?parent=6084"}],"wp:term":[{"taxonomy":"category","embeddable":true,"href":"https:\/\/agora.xtec.cat\/ceipbaltasar\/wp-json\/wp\/v2\/categories?post=6084"},{"taxonomy":"post_tag","embeddable":true,"href":"https:\/\/agora.xtec.cat\/ceipbaltasar\/wp-json\/wp\/v2\/tags?post=6084"}],"curies":[{"name":"wp","href":"https:\/\/api.w.org\/{rel}","templated":true}]}}