{"id":5995,"date":"2020-03-17T01:05:10","date_gmt":"2020-03-17T00:05:10","guid":{"rendered":"http:\/\/agora.xtec.cat\/ceipbaltasar\/?p=5995"},"modified":"2020-03-17T01:12:19","modified_gmt":"2020-03-17T00:12:19","slug":"projecte-de-p3-canta-la-una-altra-vegada","status":"publish","type":"post","link":"https:\/\/agora.xtec.cat\/ceipbaltasar\/infantil\/comunitat-de-petits\/i3\/projecte-de-p3-canta-la-una-altra-vegada\/","title":{"rendered":"Projecte de P3 &#8220;Canta-la una altra vegada&#8230;&#8221;"},"content":{"rendered":"<p>Benvolgudes Baltifam\u00edlies!!!<\/p>\n<p>Ja fa unes setmanes que hem comen\u00e7at el projecte a m\u00fasica,&#8221; Canta-la una altra vegada&#8230;&#8221; Us deixo l&#8217;enlla\u00e7 de les can\u00e7ons que han triat els infants perqu\u00e8 les cantin els seus pares i mares. Gr\u00e0cies per la vostra participaci\u00f3!!!!<\/p>\n<p style=\"text-align: center\"><strong>La Mari i l&#8217;Abril<\/strong><\/p>\n<p><a href=\"https:\/\/agora.xtec.cat\/ceipbaltasar\/wp-content\/uploads\/usu989\/2020\/03\/Mari-i-Abril.jpg\"><img loading=\"lazy\" decoding=\"async\" class=\"size-full wp-image-5996 aligncenter\" src=\"https:\/\/agora.xtec.cat\/ceipbaltasar\/wp-content\/uploads\/usu989\/2020\/03\/Mari-i-Abril.jpg\" alt=\"\" width=\"416\" height=\"312\" srcset=\"https:\/\/agora.xtec.cat\/ceipbaltasar\/wp-content\/uploads\/usu989\/2020\/03\/Mari-i-Abril.jpg 416w, https:\/\/agora.xtec.cat\/ceipbaltasar\/wp-content\/uploads\/usu989\/2020\/03\/Mari-i-Abril-300x225.jpg 300w, https:\/\/agora.xtec.cat\/ceipbaltasar\/wp-content\/uploads\/usu989\/2020\/03\/Mari-i-Abril-200x150.jpg 200w\" sizes=\"auto, (max-width: 416px) 100vw, 416px\" \/><\/a><\/p>\n<p style=\"text-align: center\"><iframe loading=\"lazy\" src=\"https:\/\/www.youtube.com\/embed\/V5eviJfCahI\" width=\"560\" height=\"315\" frameborder=\"0\"><\/iframe><\/p>\n<p style=\"text-align: center\"><strong>L&#8217;Aziza i l&#8217;Asil<\/strong><\/p>\n<p><a href=\"https:\/\/agora.xtec.cat\/ceipbaltasar\/wp-content\/uploads\/usu989\/2020\/03\/aziza-i-asil.jpg\"><img loading=\"lazy\" decoding=\"async\" class=\"size-full wp-image-5997 aligncenter\" src=\"https:\/\/agora.xtec.cat\/ceipbaltasar\/wp-content\/uploads\/usu989\/2020\/03\/aziza-i-asil.jpg\" alt=\"\" width=\"416\" height=\"312\" srcset=\"https:\/\/agora.xtec.cat\/ceipbaltasar\/wp-content\/uploads\/usu989\/2020\/03\/aziza-i-asil.jpg 416w, https:\/\/agora.xtec.cat\/ceipbaltasar\/wp-content\/uploads\/usu989\/2020\/03\/aziza-i-asil-300x225.jpg 300w, https:\/\/agora.xtec.cat\/ceipbaltasar\/wp-content\/uploads\/usu989\/2020\/03\/aziza-i-asil-200x150.jpg 200w\" sizes=\"auto, (max-width: 416px) 100vw, 416px\" \/><\/a><\/p>\n<p style=\"text-align: center\"><strong>IRINA, IVETTE I JORDI<\/strong><\/p>\n<p><a href=\"https:\/\/agora.xtec.cat\/ceipbaltasar\/wp-content\/uploads\/usu989\/2020\/03\/Ivette-Jordi-i-Irina.jpg\"><img loading=\"lazy\" decoding=\"async\" class=\" wp-image-5998 aligncenter\" src=\"https:\/\/agora.xtec.cat\/ceipbaltasar\/wp-content\/uploads\/usu989\/2020\/03\/Ivette-Jordi-i-Irina.jpg\" alt=\"\" width=\"399\" height=\"267\" srcset=\"https:\/\/agora.xtec.cat\/ceipbaltasar\/wp-content\/uploads\/usu989\/2020\/03\/Ivette-Jordi-i-Irina.jpg 329w, https:\/\/agora.xtec.cat\/ceipbaltasar\/wp-content\/uploads\/usu989\/2020\/03\/Ivette-Jordi-i-Irina-300x201.jpg 300w\" sizes=\"auto, (max-width: 399px) 100vw, 399px\" \/><\/a><\/p>\n<p>&nbsp;<\/p>\n<p style=\"text-align: center\">\u00a0<iframe loading=\"lazy\" src=\"https:\/\/www.youtube.com\/embed\/D9fYyLk4FYI\" width=\"560\" height=\"315\" frameborder=\"0\"><\/iframe><\/p>\n<p>&nbsp;<\/p>\n<p style=\"text-align: center\"><strong>Fran, Auxi i Maria<\/strong><\/p>\n<p style=\"text-align: center\"><a href=\"https:\/\/agora.xtec.cat\/ceipbaltasar\/wp-content\/uploads\/usu989\/2020\/03\/Fran-Auxi-i-Maria.jpg\"><img loading=\"lazy\" decoding=\"async\" class=\"size-full wp-image-5999\" src=\"https:\/\/agora.xtec.cat\/ceipbaltasar\/wp-content\/uploads\/usu989\/2020\/03\/Fran-Auxi-i-Maria.jpg\" alt=\"\" width=\"416\" height=\"312\" srcset=\"https:\/\/agora.xtec.cat\/ceipbaltasar\/wp-content\/uploads\/usu989\/2020\/03\/Fran-Auxi-i-Maria.jpg 416w, https:\/\/agora.xtec.cat\/ceipbaltasar\/wp-content\/uploads\/usu989\/2020\/03\/Fran-Auxi-i-Maria-300x225.jpg 300w, https:\/\/agora.xtec.cat\/ceipbaltasar\/wp-content\/uploads\/usu989\/2020\/03\/Fran-Auxi-i-Maria-200x150.jpg 200w\" sizes=\"auto, (max-width: 416px) 100vw, 416px\" \/><\/a><\/p>\n<p style=\"text-align: center\"><iframe loading=\"lazy\" src=\"https:\/\/www.youtube.com\/embed\/Tz1-mfz343g\" width=\"560\" height=\"315\" frameborder=\"0\"><\/iframe><\/p>\n<p>&nbsp;<\/p>\n<p style=\"text-align: center\"><strong>Martina i Irina<\/strong><\/p>\n<p><a href=\"https:\/\/agora.xtec.cat\/ceipbaltasar\/wp-content\/uploads\/usu989\/2020\/03\/Irina-i-Martina.jpg\"><img loading=\"lazy\" decoding=\"async\" class=\" wp-image-6002\" src=\"https:\/\/agora.xtec.cat\/ceipbaltasar\/wp-content\/uploads\/usu989\/2020\/03\/Irina-i-Martina.jpg\" alt=\"\" width=\"436\" height=\"309\" srcset=\"https:\/\/agora.xtec.cat\/ceipbaltasar\/wp-content\/uploads\/usu989\/2020\/03\/Irina-i-Martina.jpg 364w, https:\/\/agora.xtec.cat\/ceipbaltasar\/wp-content\/uploads\/usu989\/2020\/03\/Irina-i-Martina-300x213.jpg 300w\" sizes=\"auto, (max-width: 436px) 100vw, 436px\" \/><\/a><\/p>\n<p style=\"text-align: center\"><iframe loading=\"lazy\" src=\"https:\/\/www.youtube.com\/embed\/LxT4ri6AVPw\" width=\"560\" height=\"315\" frameborder=\"0\"><\/iframe><\/p>\n<p>&nbsp;<\/p>\n<p style=\"text-align: center\"><strong>Kaled i Desiree<\/strong><\/p>\n<p><a href=\"https:\/\/agora.xtec.cat\/ceipbaltasar\/wp-content\/uploads\/usu989\/2020\/03\/Kaled-i-Desi.jpg\"><img loading=\"lazy\" decoding=\"async\" class=\"size-full wp-image-6000 aligncenter\" src=\"https:\/\/agora.xtec.cat\/ceipbaltasar\/wp-content\/uploads\/usu989\/2020\/03\/Kaled-i-Desi.jpg\" alt=\"\" width=\"416\" height=\"312\" srcset=\"https:\/\/agora.xtec.cat\/ceipbaltasar\/wp-content\/uploads\/usu989\/2020\/03\/Kaled-i-Desi.jpg 416w, https:\/\/agora.xtec.cat\/ceipbaltasar\/wp-content\/uploads\/usu989\/2020\/03\/Kaled-i-Desi-300x225.jpg 300w, https:\/\/agora.xtec.cat\/ceipbaltasar\/wp-content\/uploads\/usu989\/2020\/03\/Kaled-i-Desi-200x150.jpg 200w\" sizes=\"auto, (max-width: 416px) 100vw, 416px\" \/><\/a><\/p>\n<p style=\"text-align: center\"><iframe loading=\"lazy\" src=\"https:\/\/www.youtube.com\/embed\/9aaOX_SCkLg\" width=\"560\" height=\"315\" frameborder=\"0\"><\/iframe><\/p>\n","protected":false},"excerpt":{"rendered":"<p>Benvolgudes Baltifam\u00edlies!!! Ja fa unes setmanes que hem comen\u00e7at el projecte a m\u00fasica,&#8221; Canta-la una altra vegada&#8230;&#8221; Us deixo l&#8217;enlla\u00e7 de les can\u00e7ons que han triat els infants perqu\u00e8 les cantin els seus pares i mares. Gr\u00e0cies per la vostra participaci\u00f3!!!! La Mari i l&#8217;Abril L&#8217;Aziza i l&#8217;Asil IRINA, IVETTE I JORDI &nbsp; \u00a0 &nbsp; [&hellip;]<\/p>\n","protected":false},"author":12,"featured_media":6005,"comment_status":"open","ping_status":"closed","sticky":false,"template":"","format":"standard","meta":{"_bbp_topic_count":0,"_bbp_reply_count":0,"_bbp_total_topic_count":0,"_bbp_total_reply_count":0,"_bbp_voice_count":0,"_bbp_anonymous_reply_count":0,"_bbp_topic_count_hidden":0,"_bbp_reply_count_hidden":0,"_bbp_forum_subforum_count":0,"site-sidebar-layout":"default","site-content-layout":"","ast-site-content-layout":"","site-content-style":"default","site-sidebar-style":"default","ast-global-header-display":"","ast-banner-title-visibility":"","ast-main-header-display":"","ast-hfb-above-header-display":"","ast-hfb-below-header-display":"","ast-hfb-mobile-header-display":"","site-post-title":"","ast-breadcrumbs-content":"","ast-featured-img":"","footer-sml-layout":"","theme-transparent-header-meta":"","adv-header-id-meta":"","stick-header-meta":"","header-above-stick-meta":"","header-main-stick-meta":"","header-below-stick-meta":"","astra-migrate-meta-layouts":"default","ast-page-background-enabled":"default","ast-page-background-meta":{"desktop":{"background-color":"var(--ast-global-color-4)","background-image":"","background-repeat":"repeat","background-position":"center center","background-size":"auto","background-attachment":"scroll","background-type":"","background-media":"","overlay-type":"","overlay-color":"","overlay-opacity":"","overlay-gradient":""},"tablet":{"background-color":"","background-image":"","background-repeat":"repeat","background-position":"center center","background-size":"auto","background-attachment":"scroll","background-type":"","background-media":"","overlay-type":"","overlay-color":"","overlay-opacity":"","overlay-gradient":""},"mobile":{"background-color":"","background-image":"","background-repeat":"repeat","background-position":"center center","background-size":"auto","background-attachment":"scroll","background-type":"","background-media":"","overlay-type":"","overlay-color":"","overlay-opacity":"","overlay-gradient":""}},"ast-content-background-meta":{"desktop":{"background-color":"var(--ast-global-color-5)","background-image":"","background-repeat":"repeat","background-position":"center center","background-size":"auto","background-attachment":"scroll","background-type":"","background-media":"","overlay-type":"","overlay-color":"","overlay-opacity":"","overlay-gradient":""},"tablet":{"background-color":"var(--ast-global-color-5)","background-image":"","background-repeat":"repeat","background-position":"center center","background-size":"auto","background-attachment":"scroll","background-type":"","background-media":"","overlay-type":"","overlay-color":"","overlay-opacity":"","overlay-gradient":""},"mobile":{"background-color":"var(--ast-global-color-5)","background-image":"","background-repeat":"repeat","background-position":"center center","background-size":"auto","background-attachment":"scroll","background-type":"","background-media":"","overlay-type":"","overlay-color":"","overlay-opacity":"","overlay-gradient":""}},"footnotes":""},"categories":[127,3,78,4],"tags":[114,79,80,142],"class_list":["post-5995","post","type-post","status-publish","format-standard","has-post-thumbnail","hentry","category-especialitats","category-i3","category-musica","category-portada","tag-canco","tag-musica","tag-p3","tag-projectes"],"post_mailing_queue_ids":[],"_links":{"self":[{"href":"https:\/\/agora.xtec.cat\/ceipbaltasar\/wp-json\/wp\/v2\/posts\/5995","targetHints":{"allow":["GET"]}}],"collection":[{"href":"https:\/\/agora.xtec.cat\/ceipbaltasar\/wp-json\/wp\/v2\/posts"}],"about":[{"href":"https:\/\/agora.xtec.cat\/ceipbaltasar\/wp-json\/wp\/v2\/types\/post"}],"author":[{"embeddable":true,"href":"https:\/\/agora.xtec.cat\/ceipbaltasar\/wp-json\/wp\/v2\/users\/12"}],"replies":[{"embeddable":true,"href":"https:\/\/agora.xtec.cat\/ceipbaltasar\/wp-json\/wp\/v2\/comments?post=5995"}],"version-history":[{"count":2,"href":"https:\/\/agora.xtec.cat\/ceipbaltasar\/wp-json\/wp\/v2\/posts\/5995\/revisions"}],"predecessor-version":[{"id":6003,"href":"https:\/\/agora.xtec.cat\/ceipbaltasar\/wp-json\/wp\/v2\/posts\/5995\/revisions\/6003"}],"wp:featuredmedia":[{"embeddable":true,"href":"https:\/\/agora.xtec.cat\/ceipbaltasar\/wp-json\/wp\/v2\/media\/6005"}],"wp:attachment":[{"href":"https:\/\/agora.xtec.cat\/ceipbaltasar\/wp-json\/wp\/v2\/media?parent=5995"}],"wp:term":[{"taxonomy":"category","embeddable":true,"href":"https:\/\/agora.xtec.cat\/ceipbaltasar\/wp-json\/wp\/v2\/categories?post=5995"},{"taxonomy":"post_tag","embeddable":true,"href":"https:\/\/agora.xtec.cat\/ceipbaltasar\/wp-json\/wp\/v2\/tags?post=5995"}],"curies":[{"name":"wp","href":"https:\/\/api.w.org\/{rel}","templated":true}]}}