{"id":5650,"date":"2020-01-20T11:46:28","date_gmt":"2020-01-20T10:46:28","guid":{"rendered":"http:\/\/agora.xtec.cat\/ceipbaltasar\/?p=5650"},"modified":"2020-01-20T15:02:25","modified_gmt":"2020-01-20T14:02:25","slug":"curs-2019-2020-70e-aniversari-de-la-nostra-escola","status":"publish","type":"post","link":"https:\/\/agora.xtec.cat\/ceipbaltasar\/portada\/curs-2019-2020-70e-aniversari-de-la-nostra-escola\/","title":{"rendered":"Curs 2019-2020, 70\u00e8 aniversari de la nostra escola."},"content":{"rendered":"<p><span style=\"font-family: monospace;\"><span lang=\"ca\">L&#8217;any <\/span><span lang=\"ca\"><span style=\"font-size: xx-large;\">1949<\/span><\/span><span lang=\"ca\">\u00a0<\/span><span lang=\"ca\"><span style=\"font-size: large;\">comen\u00e7a a funcionar amb el nom de &#8220;<b>Escuela Universitaria Preparatoria de Ingreso a la de Trabajo<\/b>&#8220;. Hi havia dues aules, una de les quals estava regentada per un professor pagat per l'&#8221;Obra Sindical&#8221;. Els alumnes &#8211; de 12 a 14 anys &#8211; anaven als matins amb un professor, i a les tardes amb un altre, de manera que tots dos grups d&#8217;alumnes rebien ensenyament de cultura general i tallers.<\/span><\/span><\/span><\/p>\n<p><span lang=\"ca\"><span style=\"font-family: monospace; font-size: large;\">L&#8217;escola era al mateix edifici on hi havia l&#8217;Escola de treball, a la Pla\u00e7a dels Quarters, on hi ha l&#8217;IES Serra de Miramar. Despr\u00e9s s&#8217;hi van agregar m\u00e9s classes &#8211; fins a 4 -, i va passar a ser la &#8220;<b>Escuela Graduada Aneja a Mestr\u00eda Industrial<\/b>&#8220;. El curs 1970-71 les quatre unitats van passar a l&#8217;edifici de la Pla\u00e7a del Carme &#8211; on actualment hi ha l&#8217;escola Enxaneta i el curs 1974-75 es\u00a0traslladaren als edificis petits de l&#8217;actual IES &#8220;Jaume Huguet&#8221; al C\/ de la Creu de Cames, amb el nom de &#8220;<b>Colegio Nacional Mixto de EGB Baltasar Seg\u00fa<\/b>&#8221; i passa a ser centre ordinari, i l&#8217;ensenyament comen\u00e7a a ser mixt.\u00a0<\/span><\/span><\/p>\n<p><span lang=\"ca\"><span style=\"font-family: monospace; font-size: large;\">EL\u00a0NOM\u00a0ACTUAL DE\u00a0L\u2019ESCOLA\u00a0\u00e9s el de l&#8217;insigne vallenc Sr. Baltasar Seg\u00fa i Homs (1891-1974).Escriptor , benefactor i cronista vallenc que ocup\u00e0 els c\u00e0rrecs de Secretari de l&#8217;Ajuntament de Reus i de la Diputaci\u00f3 de Tarragona i va ser conseller i director del Banc de Valls i membre i fundador de moltes de les congregacions i entitats vallenques.\u00a0El 8 de gener de 1976 passen quatre aules del col\u00b7legi Verge de la Candela al nostre centre i s&#8217;arriba a les 8 unitats.<br \/>\n<\/span><\/span><\/p>\n<p><span lang=\"ca\"><span style=\"font-family: monospace; font-size: large;\">El curs 1981-82 s&#8217;obre l&#8217;edifici actual . Hi ha dues unitats de p\u00e0rvuls i dotze d&#8217;EGB. Passa a ser Col\u00b7legi Comarcal, encara que no hi ha menjador. Els alumnes transportats dinen a la Candela. Aplega tots els alumnes de Masmolets i Fontscaldes i la 2a. etapa de La Riba i Picamoixons.<\/span><\/span><\/p>\n<p><span style=\"font-family: monospace; font-size: large;\"><span lang=\"ca\">El curs 1982-83 hi ha 4 unitats de p\u00e0rvuls i catorze d&#8217;EGB. Fins el mes de gener els alumnes van a dinar a l&#8217;Institut Polit\u00e8cnic de Formaci\u00f3 Professional. A partir d&#8217;aqu\u00ed comen\u00e7a a funcionar el menjador.<\/span><\/span><\/p>\n<p><span style=\"font-family: monospace; font-size: large;\"><span lang=\"ca\">El curs 1984-85 hi ha 4 unitats de p\u00e0rvuls i setze d&#8217;EGB. Hi comencen a funcionar les classes d&#8217;adults. S\u00f3n 3 mestres: 2 pagats per ensenyament i 1 per l&#8217;Ajuntament<\/span><\/span><\/p>\n<p><span lang=\"ca\"><span style=\"font-family: monospace; font-size: large;\">Aquest curs 1985-86 hi deixen d&#8217;assistir els alumnes de Picamoixons i s&#8217;incrementa la plantilla amb un mestre de suport.<\/span><\/span><\/p>\n<p><span lang=\"ca\"><span style=\"font-family: monospace; font-size: large;\">El 1987-88 \u00e9s l&#8217;\u00faltim any en qu\u00e8 assisteixen al nostre Centre els alumnes de La Riba.<\/span><\/span><\/p>\n<p><span lang=\"ca\"><span style=\"font-family: monospace; font-size: large;\">El seg\u00fcent curs les classes d&#8217;adults deixen ensenyament i per tant el nostre Centre.<\/span><\/span><\/p>\n<p><span lang=\"ca\"><span style=\"font-family: monospace; font-size: large;\">El centre no t\u00e9 canvis significatius fins a l&#8217;entrada del nou sistema educatiu amb la p\u00e8rdua dels cursos de 7\u00e8 i 8\u00e8 d&#8217;EGB &#8211; que passen a fer l&#8217;ESO als centres de secundaria &#8211; i la conversi\u00f3 del Centre a un centre d&#8217;una sola l\u00ednia. Els edificis petits i els camps d&#8217;esbarjo passen a ser de l&#8217;IES Jaume Huguet i en el nostre es construeixen noves depend\u00e8ncies i nous camp d&#8217;esports i de jocs.<\/span><\/span><\/p>\n","protected":false},"excerpt":{"rendered":"<p>Amb motiu del 70\u00e8  aniversari de l&#8217;escola fem un petit rep\u00e0s de la nostra hist\u00f2ria.<\/p>\n","protected":false},"author":1,"featured_media":5663,"comment_status":"open","ping_status":"closed","sticky":false,"template":"","format":"standard","meta":{"_bbp_topic_count":0,"_bbp_reply_count":0,"_bbp_total_topic_count":0,"_bbp_total_reply_count":0,"_bbp_voice_count":0,"_bbp_anonymous_reply_count":0,"_bbp_topic_count_hidden":0,"_bbp_reply_count_hidden":0,"_bbp_forum_subforum_count":0,"site-sidebar-layout":"default","site-content-layout":"","ast-site-content-layout":"","site-content-style":"default","site-sidebar-style":"default","ast-global-header-display":"","ast-banner-title-visibility":"","ast-main-header-display":"","ast-hfb-above-header-display":"","ast-hfb-below-header-display":"","ast-hfb-mobile-header-display":"","site-post-title":"","ast-breadcrumbs-content":"","ast-featured-img":"","footer-sml-layout":"","theme-transparent-header-meta":"","adv-header-id-meta":"","stick-header-meta":"","header-above-stick-meta":"","header-main-stick-meta":"","header-below-stick-meta":"","astra-migrate-meta-layouts":"default","ast-page-background-enabled":"default","ast-page-background-meta":{"desktop":{"background-color":"var(--ast-global-color-4)","background-image":"","background-repeat":"repeat","background-position":"center center","background-size":"auto","background-attachment":"scroll","background-type":"","background-media":"","overlay-type":"","overlay-color":"","overlay-opacity":"","overlay-gradient":""},"tablet":{"background-color":"","background-image":"","background-repeat":"repeat","background-position":"center center","background-size":"auto","background-attachment":"scroll","background-type":"","background-media":"","overlay-type":"","overlay-color":"","overlay-opacity":"","overlay-gradient":""},"mobile":{"background-color":"","background-image":"","background-repeat":"repeat","background-position":"center center","background-size":"auto","background-attachment":"scroll","background-type":"","background-media":"","overlay-type":"","overlay-color":"","overlay-opacity":"","overlay-gradient":""}},"ast-content-background-meta":{"desktop":{"background-color":"var(--ast-global-color-5)","background-image":"","background-repeat":"repeat","background-position":"center center","background-size":"auto","background-attachment":"scroll","background-type":"","background-media":"","overlay-type":"","overlay-color":"","overlay-opacity":"","overlay-gradient":""},"tablet":{"background-color":"var(--ast-global-color-5)","background-image":"","background-repeat":"repeat","background-position":"center center","background-size":"auto","background-attachment":"scroll","background-type":"","background-media":"","overlay-type":"","overlay-color":"","overlay-opacity":"","overlay-gradient":""},"mobile":{"background-color":"var(--ast-global-color-5)","background-image":"","background-repeat":"repeat","background-position":"center center","background-size":"auto","background-attachment":"scroll","background-type":"","background-media":"","overlay-type":"","overlay-color":"","overlay-opacity":"","overlay-gradient":""}},"footnotes":""},"categories":[4],"tags":[],"class_list":["post-5650","post","type-post","status-publish","format-standard","has-post-thumbnail","hentry","category-portada"],"post_mailing_queue_ids":[],"_links":{"self":[{"href":"https:\/\/agora.xtec.cat\/ceipbaltasar\/wp-json\/wp\/v2\/posts\/5650","targetHints":{"allow":["GET"]}}],"collection":[{"href":"https:\/\/agora.xtec.cat\/ceipbaltasar\/wp-json\/wp\/v2\/posts"}],"about":[{"href":"https:\/\/agora.xtec.cat\/ceipbaltasar\/wp-json\/wp\/v2\/types\/post"}],"author":[{"embeddable":true,"href":"https:\/\/agora.xtec.cat\/ceipbaltasar\/wp-json\/wp\/v2\/users\/1"}],"replies":[{"embeddable":true,"href":"https:\/\/agora.xtec.cat\/ceipbaltasar\/wp-json\/wp\/v2\/comments?post=5650"}],"version-history":[{"count":2,"href":"https:\/\/agora.xtec.cat\/ceipbaltasar\/wp-json\/wp\/v2\/posts\/5650\/revisions"}],"predecessor-version":[{"id":5653,"href":"https:\/\/agora.xtec.cat\/ceipbaltasar\/wp-json\/wp\/v2\/posts\/5650\/revisions\/5653"}],"wp:featuredmedia":[{"embeddable":true,"href":"https:\/\/agora.xtec.cat\/ceipbaltasar\/wp-json\/wp\/v2\/media\/5663"}],"wp:attachment":[{"href":"https:\/\/agora.xtec.cat\/ceipbaltasar\/wp-json\/wp\/v2\/media?parent=5650"}],"wp:term":[{"taxonomy":"category","embeddable":true,"href":"https:\/\/agora.xtec.cat\/ceipbaltasar\/wp-json\/wp\/v2\/categories?post=5650"},{"taxonomy":"post_tag","embeddable":true,"href":"https:\/\/agora.xtec.cat\/ceipbaltasar\/wp-json\/wp\/v2\/tags?post=5650"}],"curies":[{"name":"wp","href":"https:\/\/api.w.org\/{rel}","templated":true}]}}