{"id":4178,"date":"2019-05-11T17:39:59","date_gmt":"2019-05-11T15:39:59","guid":{"rendered":"http:\/\/agora.xtec.cat\/ceipbaltasar\/?p=4178"},"modified":"2019-05-11T17:39:59","modified_gmt":"2019-05-11T15:39:59","slug":"setmana-del-compostatge","status":"publish","type":"post","link":"https:\/\/agora.xtec.cat\/ceipbaltasar\/portada\/setmana-del-compostatge\/","title":{"rendered":"Setmana del Compostatge."},"content":{"rendered":"<p>Aquesta \u00e9s la Setmana del Compostatge.<\/p>\n<p>Els i les Baltis de 5\u00e8 s\u00f3n els responsables del compostador de l\u2019escola, per aix\u00f2 han preparat una ruta guiada per explicar el tractament que es fa de la mat\u00e8ria org\u00e0nica, des de les classes fins a l\u2019hort.<\/p>\n<p>La ruta s\u2019ha explicat a la resta d\u2019alumnes de l\u2019escola, perqu\u00e8 entenguin la necessitat de reciclar la mat\u00e8ria org\u00e0nica i per que vegin que el compostatge \u00e9s un cicle i que ajuda a adobar el nostre hort de manera natural.<\/p>\n<p>Els delegats verds de cada classe recullen la mat\u00e8ria org\u00e0nica, generalment pells de fruita i l\u2019aboquen al contenidor marr\u00f3 del pati.\u00a0 Els delegats verds de 5\u00e8, que s\u00f3n els responsables del compostador,\u00a0 vigilen que s\u2019aboqui correctament i ho porten al compostador.<\/p>\n<p>Un cop per setmana l\u2019alumnat de 5\u00e8\u00a0 revisa els compostadors, s\u2019airegen i reguen, si cal.\u00a0 Quan ja est\u00e0 fet el compost, al cap d\u2019uns 5 o 6 mesos, es passa per un sed\u00e0s per treure fragments gruixuts i es tira a l\u2019hort, per adobar les plantes.<\/p>\n<p>La setmana que ve faran la ruta per als pares i mares.<\/p>\n<p><a href=\"https:\/\/photos.app.goo.gl\/43LaMaJwLXVpDwRF7\" target=\"_blank\" rel=\"noopener\"><img loading=\"lazy\" decoding=\"async\" class=\"aligncenter size-medium wp-image-4179\" src=\"https:\/\/agora.xtec.cat\/ceipbaltasar\/wp-content\/uploads\/usu989\/2019\/05\/compostatge-e1557589086536-225x300.jpg\" alt=\"\" width=\"225\" height=\"300\" srcset=\"https:\/\/agora.xtec.cat\/ceipbaltasar\/wp-content\/uploads\/usu989\/2019\/05\/compostatge-e1557589086536-225x300.jpg 225w, https:\/\/agora.xtec.cat\/ceipbaltasar\/wp-content\/uploads\/usu989\/2019\/05\/compostatge-e1557589086536-768x1024.jpg 768w\" sizes=\"auto, (max-width: 225px) 100vw, 225px\" \/><\/a><\/p>\n","protected":false},"excerpt":{"rendered":"<p>Aquesta \u00e9s la Setmana del Compostatge. Els i les Baltis de 5\u00e8 s\u00f3n els responsables del compostador de l\u2019escola, per aix\u00f2 han preparat una ruta guiada per explicar el tractament que es fa de la mat\u00e8ria org\u00e0nica, des de les classes fins a l\u2019hort. La ruta s\u2019ha explicat a la resta d\u2019alumnes de l\u2019escola, perqu\u00e8 [&hellip;]<\/p>\n","protected":false},"author":18,"featured_media":4179,"comment_status":"open","ping_status":"closed","sticky":false,"template":"","format":"standard","meta":{"_bbp_topic_count":0,"_bbp_reply_count":0,"_bbp_total_topic_count":0,"_bbp_total_reply_count":0,"_bbp_voice_count":0,"_bbp_anonymous_reply_count":0,"_bbp_topic_count_hidden":0,"_bbp_reply_count_hidden":0,"_bbp_forum_subforum_count":0,"site-sidebar-layout":"default","site-content-layout":"","ast-site-content-layout":"","site-content-style":"default","site-sidebar-style":"default","ast-global-header-display":"","ast-banner-title-visibility":"","ast-main-header-display":"","ast-hfb-above-header-display":"","ast-hfb-below-header-display":"","ast-hfb-mobile-header-display":"","site-post-title":"","ast-breadcrumbs-content":"","ast-featured-img":"","footer-sml-layout":"","theme-transparent-header-meta":"","adv-header-id-meta":"","stick-header-meta":"","header-above-stick-meta":"","header-main-stick-meta":"","header-below-stick-meta":"","astra-migrate-meta-layouts":"default","ast-page-background-enabled":"default","ast-page-background-meta":{"desktop":{"background-color":"var(--ast-global-color-4)","background-image":"","background-repeat":"repeat","background-position":"center center","background-size":"auto","background-attachment":"scroll","background-type":"","background-media":"","overlay-type":"","overlay-color":"","overlay-opacity":"","overlay-gradient":""},"tablet":{"background-color":"","background-image":"","background-repeat":"repeat","background-position":"center center","background-size":"auto","background-attachment":"scroll","background-type":"","background-media":"","overlay-type":"","overlay-color":"","overlay-opacity":"","overlay-gradient":""},"mobile":{"background-color":"","background-image":"","background-repeat":"repeat","background-position":"center center","background-size":"auto","background-attachment":"scroll","background-type":"","background-media":"","overlay-type":"","overlay-color":"","overlay-opacity":"","overlay-gradient":""}},"ast-content-background-meta":{"desktop":{"background-color":"var(--ast-global-color-5)","background-image":"","background-repeat":"repeat","background-position":"center center","background-size":"auto","background-attachment":"scroll","background-type":"","background-media":"","overlay-type":"","overlay-color":"","overlay-opacity":"","overlay-gradient":""},"tablet":{"background-color":"var(--ast-global-color-5)","background-image":"","background-repeat":"repeat","background-position":"center center","background-size":"auto","background-attachment":"scroll","background-type":"","background-media":"","overlay-type":"","overlay-color":"","overlay-opacity":"","overlay-gradient":""},"mobile":{"background-color":"var(--ast-global-color-5)","background-image":"","background-repeat":"repeat","background-position":"center center","background-size":"auto","background-attachment":"scroll","background-type":"","background-media":"","overlay-type":"","overlay-color":"","overlay-opacity":"","overlay-gradient":""}},"footnotes":""},"categories":[14,4],"tags":[],"class_list":["post-4178","post","type-post","status-publish","format-standard","has-post-thumbnail","hentry","category-5e","category-portada"],"post_mailing_queue_ids":[],"_links":{"self":[{"href":"https:\/\/agora.xtec.cat\/ceipbaltasar\/wp-json\/wp\/v2\/posts\/4178","targetHints":{"allow":["GET"]}}],"collection":[{"href":"https:\/\/agora.xtec.cat\/ceipbaltasar\/wp-json\/wp\/v2\/posts"}],"about":[{"href":"https:\/\/agora.xtec.cat\/ceipbaltasar\/wp-json\/wp\/v2\/types\/post"}],"author":[{"embeddable":true,"href":"https:\/\/agora.xtec.cat\/ceipbaltasar\/wp-json\/wp\/v2\/users\/18"}],"replies":[{"embeddable":true,"href":"https:\/\/agora.xtec.cat\/ceipbaltasar\/wp-json\/wp\/v2\/comments?post=4178"}],"version-history":[{"count":1,"href":"https:\/\/agora.xtec.cat\/ceipbaltasar\/wp-json\/wp\/v2\/posts\/4178\/revisions"}],"predecessor-version":[{"id":4180,"href":"https:\/\/agora.xtec.cat\/ceipbaltasar\/wp-json\/wp\/v2\/posts\/4178\/revisions\/4180"}],"wp:featuredmedia":[{"embeddable":true,"href":"https:\/\/agora.xtec.cat\/ceipbaltasar\/wp-json\/wp\/v2\/media\/4179"}],"wp:attachment":[{"href":"https:\/\/agora.xtec.cat\/ceipbaltasar\/wp-json\/wp\/v2\/media?parent=4178"}],"wp:term":[{"taxonomy":"category","embeddable":true,"href":"https:\/\/agora.xtec.cat\/ceipbaltasar\/wp-json\/wp\/v2\/categories?post=4178"},{"taxonomy":"post_tag","embeddable":true,"href":"https:\/\/agora.xtec.cat\/ceipbaltasar\/wp-json\/wp\/v2\/tags?post=4178"}],"curies":[{"name":"wp","href":"https:\/\/api.w.org\/{rel}","templated":true}]}}