{"id":3949,"date":"2019-04-22T17:31:02","date_gmt":"2019-04-22T15:31:02","guid":{"rendered":"http:\/\/agora.xtec.cat\/ceipbaltasar\/?p=3949"},"modified":"2019-04-23T13:44:17","modified_gmt":"2019-04-23T11:44:17","slug":"descobrint-les-estrelles","status":"publish","type":"post","link":"https:\/\/agora.xtec.cat\/ceipbaltasar\/portada\/descobrint-les-estrelles\/","title":{"rendered":"Descobrint les estrelles"},"content":{"rendered":"<p>Entre planetes, Sol i Lluna qu\u00e8 hi trobem?<\/p>\n<p style=\"text-align: justify\"><a href=\"https:\/\/agora.xtec.cat\/ceipbaltasar\/wp-content\/uploads\/usu989\/2019\/04\/20190227_100005-copia.jpg\"><img loading=\"lazy\" decoding=\"async\" class=\"wp-image-3951 alignleft\" src=\"https:\/\/agora.xtec.cat\/ceipbaltasar\/wp-content\/uploads\/usu989\/2019\/04\/20190227_100005-copia.jpg\" alt=\"\" width=\"184\" height=\"138\" srcset=\"https:\/\/agora.xtec.cat\/ceipbaltasar\/wp-content\/uploads\/usu989\/2019\/04\/20190227_100005-copia.jpg 516w, https:\/\/agora.xtec.cat\/ceipbaltasar\/wp-content\/uploads\/usu989\/2019\/04\/20190227_100005-copia-300x225.jpg 300w, https:\/\/agora.xtec.cat\/ceipbaltasar\/wp-content\/uploads\/usu989\/2019\/04\/20190227_100005-copia-200x150.jpg 200w\" sizes=\"auto, (max-width: 184px) 100vw, 184px\" \/><\/a>Som a l&#8217;aula a les fosques, i gr\u00e0cies a un projector podem veure les <strong>estrelles<\/strong>, aix\u00ed \u00e9s com les veiem de nit, al cel, s\u00f3n molt i molt lluny de nosaltres, per aix\u00f2 sembla que siguin diminutes, per\u00f2 en realitat s\u00f3n molt grans!<\/p>\n<p style=\"text-align: justify\">Podem veure com entre elles fan &#8220;<em>caminets&#8221;<\/em>, s\u00f3n dibuixos imaginaris, formant <strong>constel.lacions<\/strong>.<\/p>\n<p style=\"text-align: justify\">Hem creat la nostra pr\u00f2pia constel.laci\u00f3, posant-li noms com: <em>MEL, NIT, CARGOL, PINOTXO, ESTEL, CAMI\u00d3, IPA, SAT, SEBRA&#8230;<\/em><\/p>\n<p><a href=\"https:\/\/photos.app.goo.gl\/5ddLGP1QWx4ckU3N8\">Mireu, mireu&#8230;<\/a><\/p>\n","protected":false},"excerpt":{"rendered":"<p>Entre planetes, Sol i Lluna qu\u00e8 hi trobem? Som a l&#8217;aula a les fosques, i gr\u00e0cies a un projector podem veure les estrelles, aix\u00ed \u00e9s com les veiem de nit, al cel, s\u00f3n molt i molt lluny de nosaltres, per aix\u00f2 sembla que siguin diminutes, per\u00f2 en realitat s\u00f3n molt grans! Podem veure com entre [&hellip;]<\/p>\n","protected":false},"author":1,"featured_media":3950,"comment_status":"open","ping_status":"closed","sticky":false,"template":"","format":"standard","meta":{"_bbp_topic_count":0,"_bbp_reply_count":0,"_bbp_total_topic_count":0,"_bbp_total_reply_count":0,"_bbp_voice_count":0,"_bbp_anonymous_reply_count":0,"_bbp_topic_count_hidden":0,"_bbp_reply_count_hidden":0,"_bbp_forum_subforum_count":0,"site-sidebar-layout":"default","site-content-layout":"","ast-site-content-layout":"","site-content-style":"default","site-sidebar-style":"default","ast-global-header-display":"","ast-banner-title-visibility":"","ast-main-header-display":"","ast-hfb-above-header-display":"","ast-hfb-below-header-display":"","ast-hfb-mobile-header-display":"","site-post-title":"","ast-breadcrumbs-content":"","ast-featured-img":"","footer-sml-layout":"","theme-transparent-header-meta":"","adv-header-id-meta":"","stick-header-meta":"","header-above-stick-meta":"","header-main-stick-meta":"","header-below-stick-meta":"","astra-migrate-meta-layouts":"default","ast-page-background-enabled":"default","ast-page-background-meta":{"desktop":{"background-color":"var(--ast-global-color-4)","background-image":"","background-repeat":"repeat","background-position":"center center","background-size":"auto","background-attachment":"scroll","background-type":"","background-media":"","overlay-type":"","overlay-color":"","overlay-opacity":"","overlay-gradient":""},"tablet":{"background-color":"","background-image":"","background-repeat":"repeat","background-position":"center center","background-size":"auto","background-attachment":"scroll","background-type":"","background-media":"","overlay-type":"","overlay-color":"","overlay-opacity":"","overlay-gradient":""},"mobile":{"background-color":"","background-image":"","background-repeat":"repeat","background-position":"center center","background-size":"auto","background-attachment":"scroll","background-type":"","background-media":"","overlay-type":"","overlay-color":"","overlay-opacity":"","overlay-gradient":""}},"ast-content-background-meta":{"desktop":{"background-color":"var(--ast-global-color-5)","background-image":"","background-repeat":"repeat","background-position":"center center","background-size":"auto","background-attachment":"scroll","background-type":"","background-media":"","overlay-type":"","overlay-color":"","overlay-opacity":"","overlay-gradient":""},"tablet":{"background-color":"var(--ast-global-color-5)","background-image":"","background-repeat":"repeat","background-position":"center center","background-size":"auto","background-attachment":"scroll","background-type":"","background-media":"","overlay-type":"","overlay-color":"","overlay-opacity":"","overlay-gradient":""},"mobile":{"background-color":"var(--ast-global-color-5)","background-image":"","background-repeat":"repeat","background-position":"center center","background-size":"auto","background-attachment":"scroll","background-type":"","background-media":"","overlay-type":"","overlay-color":"","overlay-opacity":"","overlay-gradient":""}},"footnotes":""},"categories":[8,4],"tags":[],"class_list":["post-3949","post","type-post","status-publish","format-standard","has-post-thumbnail","hentry","category-i4","category-portada"],"post_mailing_queue_ids":[],"_links":{"self":[{"href":"https:\/\/agora.xtec.cat\/ceipbaltasar\/wp-json\/wp\/v2\/posts\/3949","targetHints":{"allow":["GET"]}}],"collection":[{"href":"https:\/\/agora.xtec.cat\/ceipbaltasar\/wp-json\/wp\/v2\/posts"}],"about":[{"href":"https:\/\/agora.xtec.cat\/ceipbaltasar\/wp-json\/wp\/v2\/types\/post"}],"author":[{"embeddable":true,"href":"https:\/\/agora.xtec.cat\/ceipbaltasar\/wp-json\/wp\/v2\/users\/1"}],"replies":[{"embeddable":true,"href":"https:\/\/agora.xtec.cat\/ceipbaltasar\/wp-json\/wp\/v2\/comments?post=3949"}],"version-history":[{"count":2,"href":"https:\/\/agora.xtec.cat\/ceipbaltasar\/wp-json\/wp\/v2\/posts\/3949\/revisions"}],"predecessor-version":[{"id":3953,"href":"https:\/\/agora.xtec.cat\/ceipbaltasar\/wp-json\/wp\/v2\/posts\/3949\/revisions\/3953"}],"wp:featuredmedia":[{"embeddable":true,"href":"https:\/\/agora.xtec.cat\/ceipbaltasar\/wp-json\/wp\/v2\/media\/3950"}],"wp:attachment":[{"href":"https:\/\/agora.xtec.cat\/ceipbaltasar\/wp-json\/wp\/v2\/media?parent=3949"}],"wp:term":[{"taxonomy":"category","embeddable":true,"href":"https:\/\/agora.xtec.cat\/ceipbaltasar\/wp-json\/wp\/v2\/categories?post=3949"},{"taxonomy":"post_tag","embeddable":true,"href":"https:\/\/agora.xtec.cat\/ceipbaltasar\/wp-json\/wp\/v2\/tags?post=3949"}],"curies":[{"name":"wp","href":"https:\/\/api.w.org\/{rel}","templated":true}]}}