{"id":3939,"date":"2019-04-22T16:51:41","date_gmt":"2019-04-22T14:51:41","guid":{"rendered":"http:\/\/agora.xtec.cat\/ceipbaltasar\/?p=3939"},"modified":"2019-04-23T13:44:33","modified_gmt":"2019-04-23T11:44:33","slug":"com-sera-la-lluna","status":"publish","type":"post","link":"https:\/\/agora.xtec.cat\/ceipbaltasar\/general\/com-sera-la-lluna\/","title":{"rendered":"Com ser\u00e0 la LLuna?"},"content":{"rendered":"<p style=\"text-align: justify\"><em>\u00a0 \u00a0 \u00a0 \u00a0 \u00a0 \u00a0 \u00a0 \u00a0 \u00a0 \u00a0 \u00a0 \u00a0 \u00a0 \u00a0 \u00a0 \u00a0 \u00a0 \u00a0 \u00a0 \u00a0 \u00a0 \u00a0 \u00a0 \u00a0 \u00a0 \u00a0 \u00a0 <\/em><\/p>\n<p><a href=\"https:\/\/agora.xtec.cat\/ceipbaltasar\/wp-content\/uploads\/usu989\/2019\/04\/20190219_100423-copia.jpg\"><img loading=\"lazy\" decoding=\"async\" class=\"wp-image-3943 alignleft\" src=\"https:\/\/agora.xtec.cat\/ceipbaltasar\/wp-content\/uploads\/usu989\/2019\/04\/20190219_100423-copia.jpg\" alt=\"\" width=\"223\" height=\"167\" srcset=\"https:\/\/agora.xtec.cat\/ceipbaltasar\/wp-content\/uploads\/usu989\/2019\/04\/20190219_100423-copia.jpg 516w, https:\/\/agora.xtec.cat\/ceipbaltasar\/wp-content\/uploads\/usu989\/2019\/04\/20190219_100423-copia-300x225.jpg 300w, https:\/\/agora.xtec.cat\/ceipbaltasar\/wp-content\/uploads\/usu989\/2019\/04\/20190219_100423-copia-200x150.jpg 200w\" sizes=\"auto, (max-width: 223px) 100vw, 223px\" \/><\/a><\/p>\n<p style=\"text-align: justify\"><em>De qu\u00e8 fa gust la Lluna?<\/em>\u00a0 Aquest \u00e9s \u00e9l t\u00edtol del conte que vam escoltar i amb el que vam iniciar conversa sobre la Lluna,\u00a0 an\u00e0vem aportant coneixements de com s&#8217;imaginem la Lluna i plantejant noves preguntes, com&#8230;<\/p>\n<p style=\"text-align: justify\">Ve<em>iem <a href=\"https:\/\/agora.xtec.cat\/ceipbaltasar\/wp-content\/uploads\/usu989\/2019\/04\/20190220_093000-copia.jpg\"><img loading=\"lazy\" decoding=\"async\" class=\"wp-image-3941 alignright\" src=\"https:\/\/agora.xtec.cat\/ceipbaltasar\/wp-content\/uploads\/usu989\/2019\/04\/20190220_093000-copia.jpg\" alt=\"\" width=\"134\" height=\"179\" srcset=\"https:\/\/agora.xtec.cat\/ceipbaltasar\/wp-content\/uploads\/usu989\/2019\/04\/20190220_093000-copia.jpg 387w, https:\/\/agora.xtec.cat\/ceipbaltasar\/wp-content\/uploads\/usu989\/2019\/04\/20190220_093000-copia-225x300.jpg 225w\" sizes=\"auto, (max-width: 134px) 100vw, 134px\" \/><\/a>sempre la mateixa cara de la Lluna?\u00a0<\/em><\/p>\n<p style=\"text-align: justify\">Una de les activitats que es va proposar als propis infants\u00a0 era poder observar juntament amb les fam\u00edlies desde casa, per veure i dibuixar com la veuen a la nit, doncs&#8230;si, si, ens vam adonar que la Lluna va &#8220;canviant de forma&#8221;, per\u00f2 la Lluna sempre \u00e9s rodona, gira al voltant de la Terra i anem veient la part que il.lumina el Sol, i en diem les fases de la Lluna: nova, creixent, plena i minvant.<\/p>\n<p style=\"text-align: justify\"><img loading=\"lazy\" decoding=\"async\" class=\"wp-image-3942 alignleft\" src=\"https:\/\/agora.xtec.cat\/ceipbaltasar\/wp-content\/uploads\/usu989\/2019\/04\/20190222_101520-copia.jpg\" alt=\"\" width=\"190\" height=\"142\" srcset=\"https:\/\/agora.xtec.cat\/ceipbaltasar\/wp-content\/uploads\/usu989\/2019\/04\/20190222_101520-copia.jpg 516w, https:\/\/agora.xtec.cat\/ceipbaltasar\/wp-content\/uploads\/usu989\/2019\/04\/20190222_101520-copia-300x225.jpg 300w, https:\/\/agora.xtec.cat\/ceipbaltasar\/wp-content\/uploads\/usu989\/2019\/04\/20190222_101520-copia-200x150.jpg 200w\" sizes=\"auto, (max-width: 190px) 100vw, 190px\" \/>Per representar la Lluna amb t\u00e8cniques art\u00edstiques, vam\u00a0<span style=\"font-family: inherit;font-size: 1em\">experimentar amb farina i pintura, per simular\u00a0<\/span><span style=\"font-family: inherit;font-size: 1em\">\u00a0la textura i els seus forats &#8220;cr\u00e0ters&#8221;, sobre un mural.\u00a0\u00a0<\/span><\/p>\n<p>&#8230; I amb paper d&#8217;alumini sabeu que vam descobrir?? que podem fer Roques Lunars!!<\/p>\n<p><a href=\"https:\/\/photos.app.goo.gl\/JfHJCQKc5KmyPkiA6\">Cliqueu per veure les imatges<\/a><\/p>\n<p>&nbsp;<\/p>\n<p>&nbsp;<\/p>\n","protected":false},"excerpt":{"rendered":"<p>\u00a0 \u00a0 \u00a0 \u00a0 \u00a0 \u00a0 \u00a0 \u00a0 \u00a0 \u00a0 \u00a0 \u00a0 \u00a0 \u00a0 \u00a0 \u00a0 \u00a0 \u00a0 \u00a0 \u00a0 \u00a0 \u00a0 \u00a0 \u00a0 \u00a0 \u00a0 \u00a0 De qu\u00e8 fa gust la Lluna?\u00a0 Aquest \u00e9s \u00e9l t\u00edtol del conte que vam escoltar i amb el que vam iniciar conversa sobre la Lluna,\u00a0 an\u00e0vem aportant coneixements [&hellip;]<\/p>\n","protected":false},"author":1,"featured_media":3944,"comment_status":"open","ping_status":"closed","sticky":false,"template":"","format":"standard","meta":{"_bbp_topic_count":0,"_bbp_reply_count":0,"_bbp_total_topic_count":0,"_bbp_total_reply_count":0,"_bbp_voice_count":0,"_bbp_anonymous_reply_count":0,"_bbp_topic_count_hidden":0,"_bbp_reply_count_hidden":0,"_bbp_forum_subforum_count":0,"site-sidebar-layout":"default","site-content-layout":"","ast-site-content-layout":"","site-content-style":"default","site-sidebar-style":"default","ast-global-header-display":"","ast-banner-title-visibility":"","ast-main-header-display":"","ast-hfb-above-header-display":"","ast-hfb-below-header-display":"","ast-hfb-mobile-header-display":"","site-post-title":"","ast-breadcrumbs-content":"","ast-featured-img":"","footer-sml-layout":"","theme-transparent-header-meta":"","adv-header-id-meta":"","stick-header-meta":"","header-above-stick-meta":"","header-main-stick-meta":"","header-below-stick-meta":"","astra-migrate-meta-layouts":"default","ast-page-background-enabled":"default","ast-page-background-meta":{"desktop":{"background-color":"var(--ast-global-color-4)","background-image":"","background-repeat":"repeat","background-position":"center center","background-size":"auto","background-attachment":"scroll","background-type":"","background-media":"","overlay-type":"","overlay-color":"","overlay-opacity":"","overlay-gradient":""},"tablet":{"background-color":"","background-image":"","background-repeat":"repeat","background-position":"center center","background-size":"auto","background-attachment":"scroll","background-type":"","background-media":"","overlay-type":"","overlay-color":"","overlay-opacity":"","overlay-gradient":""},"mobile":{"background-color":"","background-image":"","background-repeat":"repeat","background-position":"center center","background-size":"auto","background-attachment":"scroll","background-type":"","background-media":"","overlay-type":"","overlay-color":"","overlay-opacity":"","overlay-gradient":""}},"ast-content-background-meta":{"desktop":{"background-color":"var(--ast-global-color-5)","background-image":"","background-repeat":"repeat","background-position":"center center","background-size":"auto","background-attachment":"scroll","background-type":"","background-media":"","overlay-type":"","overlay-color":"","overlay-opacity":"","overlay-gradient":""},"tablet":{"background-color":"var(--ast-global-color-5)","background-image":"","background-repeat":"repeat","background-position":"center center","background-size":"auto","background-attachment":"scroll","background-type":"","background-media":"","overlay-type":"","overlay-color":"","overlay-opacity":"","overlay-gradient":""},"mobile":{"background-color":"var(--ast-global-color-5)","background-image":"","background-repeat":"repeat","background-position":"center center","background-size":"auto","background-attachment":"scroll","background-type":"","background-media":"","overlay-type":"","overlay-color":"","overlay-opacity":"","overlay-gradient":""}},"footnotes":""},"categories":[1,8,4],"tags":[],"class_list":["post-3939","post","type-post","status-publish","format-standard","has-post-thumbnail","hentry","category-general","category-i4","category-portada"],"post_mailing_queue_ids":[],"_links":{"self":[{"href":"https:\/\/agora.xtec.cat\/ceipbaltasar\/wp-json\/wp\/v2\/posts\/3939","targetHints":{"allow":["GET"]}}],"collection":[{"href":"https:\/\/agora.xtec.cat\/ceipbaltasar\/wp-json\/wp\/v2\/posts"}],"about":[{"href":"https:\/\/agora.xtec.cat\/ceipbaltasar\/wp-json\/wp\/v2\/types\/post"}],"author":[{"embeddable":true,"href":"https:\/\/agora.xtec.cat\/ceipbaltasar\/wp-json\/wp\/v2\/users\/1"}],"replies":[{"embeddable":true,"href":"https:\/\/agora.xtec.cat\/ceipbaltasar\/wp-json\/wp\/v2\/comments?post=3939"}],"version-history":[{"count":3,"href":"https:\/\/agora.xtec.cat\/ceipbaltasar\/wp-json\/wp\/v2\/posts\/3939\/revisions"}],"predecessor-version":[{"id":3948,"href":"https:\/\/agora.xtec.cat\/ceipbaltasar\/wp-json\/wp\/v2\/posts\/3939\/revisions\/3948"}],"wp:featuredmedia":[{"embeddable":true,"href":"https:\/\/agora.xtec.cat\/ceipbaltasar\/wp-json\/wp\/v2\/media\/3944"}],"wp:attachment":[{"href":"https:\/\/agora.xtec.cat\/ceipbaltasar\/wp-json\/wp\/v2\/media?parent=3939"}],"wp:term":[{"taxonomy":"category","embeddable":true,"href":"https:\/\/agora.xtec.cat\/ceipbaltasar\/wp-json\/wp\/v2\/categories?post=3939"},{"taxonomy":"post_tag","embeddable":true,"href":"https:\/\/agora.xtec.cat\/ceipbaltasar\/wp-json\/wp\/v2\/tags?post=3939"}],"curies":[{"name":"wp","href":"https:\/\/api.w.org\/{rel}","templated":true}]}}