{"id":3742,"date":"2019-03-06T08:37:41","date_gmt":"2019-03-06T07:37:41","guid":{"rendered":"http:\/\/agora.xtec.cat\/ceipbaltasar\/?p=3742"},"modified":"2019-03-06T01:54:28","modified_gmt":"2019-03-06T00:54:28","slug":"2n-taller-dil-lusions-optiques","status":"publish","type":"post","link":"https:\/\/agora.xtec.cat\/ceipbaltasar\/portada\/2n-taller-dil-lusions-optiques\/","title":{"rendered":"2n. Taller d\u2019il.lusions \u00f2ptiques"},"content":{"rendered":"<p style=\"text-align: left;\">Els Baltis de 2n hem anat a \u201cLa Gal\u00e0xia\u201d, Escola d\u2019Art i Creativitat, i hem fet un Taller d\u2019il.lusions \u00f2ptiques amb diversos racons treballant en grups. Ens ha agradat molt\u00edssim comprovar que de vegades els nostres sentits ens juguen males passades. Les il.lusions \u00f2ptiques s\u00f3n la resposta del cervell al rebre una informaci\u00f3 que no ent\u00e9n. Ha estat realment engrescador!!!! Mireu, mireu les fotos&#8230;<\/p>\n<p><a href=\"https:\/\/photos.app.goo.gl\/SmpYmn7HhDVwpB1MA\" target=\"_blank\" rel=\"noopener\"><img loading=\"lazy\" decoding=\"async\" class=\"alignnone size-large wp-image-3743\" src=\"https:\/\/agora.xtec.cat\/ceipbaltasar\/wp-content\/uploads\/usu989\/2019\/03\/FAC4CC5C-9D0D-4948-A12E-DDDDEAFB5DDF-1024x744.jpeg\" alt=\"\" width=\"1024\" height=\"744\" srcset=\"https:\/\/agora.xtec.cat\/ceipbaltasar\/wp-content\/uploads\/usu989\/2019\/03\/FAC4CC5C-9D0D-4948-A12E-DDDDEAFB5DDF-1024x744.jpeg 1024w, https:\/\/agora.xtec.cat\/ceipbaltasar\/wp-content\/uploads\/usu989\/2019\/03\/FAC4CC5C-9D0D-4948-A12E-DDDDEAFB5DDF-300x218.jpeg 300w, https:\/\/agora.xtec.cat\/ceipbaltasar\/wp-content\/uploads\/usu989\/2019\/03\/FAC4CC5C-9D0D-4948-A12E-DDDDEAFB5DDF-768x558.jpeg 768w, https:\/\/agora.xtec.cat\/ceipbaltasar\/wp-content\/uploads\/usu989\/2019\/03\/FAC4CC5C-9D0D-4948-A12E-DDDDEAFB5DDF.jpeg 1239w\" sizes=\"auto, (max-width: 1024px) 100vw, 1024px\" \/><\/a><\/p>\n<p>&nbsp;<\/p>\n","protected":false},"excerpt":{"rendered":"<p>Els Baltis de 2n hem anat a \u201cLa Gal\u00e0xia\u201d, Escola d\u2019Art i Creativitat, i hem fet un Taller d\u2019il.lusions \u00f2ptiques amb diversos racons treballant en grups. Ens ha agradat molt\u00edssim comprovar que de vegades els nostres sentits ens juguen males passades. Les il.lusions \u00f2ptiques s\u00f3n la resposta del cervell al rebre una informaci\u00f3 que no [&hellip;]<\/p>\n","protected":false},"author":4,"featured_media":3743,"comment_status":"open","ping_status":"closed","sticky":false,"template":"","format":"standard","meta":{"_bbp_topic_count":0,"_bbp_reply_count":0,"_bbp_total_topic_count":0,"_bbp_total_reply_count":0,"_bbp_voice_count":0,"_bbp_anonymous_reply_count":0,"_bbp_topic_count_hidden":0,"_bbp_reply_count_hidden":0,"_bbp_forum_subforum_count":0,"site-sidebar-layout":"default","site-content-layout":"","ast-site-content-layout":"","site-content-style":"default","site-sidebar-style":"default","ast-global-header-display":"","ast-banner-title-visibility":"","ast-main-header-display":"","ast-hfb-above-header-display":"","ast-hfb-below-header-display":"","ast-hfb-mobile-header-display":"","site-post-title":"","ast-breadcrumbs-content":"","ast-featured-img":"","footer-sml-layout":"","theme-transparent-header-meta":"","adv-header-id-meta":"","stick-header-meta":"","header-above-stick-meta":"","header-main-stick-meta":"","header-below-stick-meta":"","astra-migrate-meta-layouts":"default","ast-page-background-enabled":"default","ast-page-background-meta":{"desktop":{"background-color":"var(--ast-global-color-4)","background-image":"","background-repeat":"repeat","background-position":"center center","background-size":"auto","background-attachment":"scroll","background-type":"","background-media":"","overlay-type":"","overlay-color":"","overlay-opacity":"","overlay-gradient":""},"tablet":{"background-color":"","background-image":"","background-repeat":"repeat","background-position":"center center","background-size":"auto","background-attachment":"scroll","background-type":"","background-media":"","overlay-type":"","overlay-color":"","overlay-opacity":"","overlay-gradient":""},"mobile":{"background-color":"","background-image":"","background-repeat":"repeat","background-position":"center center","background-size":"auto","background-attachment":"scroll","background-type":"","background-media":"","overlay-type":"","overlay-color":"","overlay-opacity":"","overlay-gradient":""}},"ast-content-background-meta":{"desktop":{"background-color":"var(--ast-global-color-5)","background-image":"","background-repeat":"repeat","background-position":"center center","background-size":"auto","background-attachment":"scroll","background-type":"","background-media":"","overlay-type":"","overlay-color":"","overlay-opacity":"","overlay-gradient":""},"tablet":{"background-color":"var(--ast-global-color-5)","background-image":"","background-repeat":"repeat","background-position":"center center","background-size":"auto","background-attachment":"scroll","background-type":"","background-media":"","overlay-type":"","overlay-color":"","overlay-opacity":"","overlay-gradient":""},"mobile":{"background-color":"var(--ast-global-color-5)","background-image":"","background-repeat":"repeat","background-position":"center center","background-size":"auto","background-attachment":"scroll","background-type":"","background-media":"","overlay-type":"","overlay-color":"","overlay-opacity":"","overlay-gradient":""}},"footnotes":""},"categories":[11,4],"tags":[183,201],"class_list":["post-3742","post","type-post","status-publish","format-standard","has-post-thumbnail","hentry","category-2n","category-portada","tag-baltis","tag-il-lusions-optiques"],"post_mailing_queue_ids":[],"_links":{"self":[{"href":"https:\/\/agora.xtec.cat\/ceipbaltasar\/wp-json\/wp\/v2\/posts\/3742","targetHints":{"allow":["GET"]}}],"collection":[{"href":"https:\/\/agora.xtec.cat\/ceipbaltasar\/wp-json\/wp\/v2\/posts"}],"about":[{"href":"https:\/\/agora.xtec.cat\/ceipbaltasar\/wp-json\/wp\/v2\/types\/post"}],"author":[{"embeddable":true,"href":"https:\/\/agora.xtec.cat\/ceipbaltasar\/wp-json\/wp\/v2\/users\/4"}],"replies":[{"embeddable":true,"href":"https:\/\/agora.xtec.cat\/ceipbaltasar\/wp-json\/wp\/v2\/comments?post=3742"}],"version-history":[{"count":3,"href":"https:\/\/agora.xtec.cat\/ceipbaltasar\/wp-json\/wp\/v2\/posts\/3742\/revisions"}],"predecessor-version":[{"id":3751,"href":"https:\/\/agora.xtec.cat\/ceipbaltasar\/wp-json\/wp\/v2\/posts\/3742\/revisions\/3751"}],"wp:featuredmedia":[{"embeddable":true,"href":"https:\/\/agora.xtec.cat\/ceipbaltasar\/wp-json\/wp\/v2\/media\/3743"}],"wp:attachment":[{"href":"https:\/\/agora.xtec.cat\/ceipbaltasar\/wp-json\/wp\/v2\/media?parent=3742"}],"wp:term":[{"taxonomy":"category","embeddable":true,"href":"https:\/\/agora.xtec.cat\/ceipbaltasar\/wp-json\/wp\/v2\/categories?post=3742"},{"taxonomy":"post_tag","embeddable":true,"href":"https:\/\/agora.xtec.cat\/ceipbaltasar\/wp-json\/wp\/v2\/tags?post=3742"}],"curies":[{"name":"wp","href":"https:\/\/api.w.org\/{rel}","templated":true}]}}