{"id":3450,"date":"2019-02-12T23:15:21","date_gmt":"2019-02-12T22:15:21","guid":{"rendered":"http:\/\/agora.xtec.cat\/ceipbaltasar\/?p=3450"},"modified":"2019-02-12T23:21:57","modified_gmt":"2019-02-12T22:21:57","slug":"videoclip-on-ecrit-sur-les-murs","status":"publish","type":"post","link":"https:\/\/agora.xtec.cat\/ceipbaltasar\/portada\/videoclip-on-ecrit-sur-les-murs\/","title":{"rendered":"VIDEOCLIP ON \u00c9CRIT SUR LES MURS"},"content":{"rendered":"<p>Doncs la sorpresa que us vam comentar, ja ha sortit a la llum!!!!<\/p>\n<p>Pel Dia Escolar de la No-Viol\u00e8ncia i la Pau, que es celebra el 30 de Gener, entre tots els alumnes de l&#8217;escola que assisteixen al servei de menjador, vam crear un videoclip per commemorar aquest dia.<\/p>\n<p>Ells i elles han estat els vertaders protagonistes d&#8217;aquesta acci\u00f3. Per petits grups van crear les diferents escenes, a trav\u00e9s d&#8217;una pluja d&#8217;idees, l&#8217;intercanvi d&#8217;opinions, el di\u00e0leg, el consens i la presa de decisions. L&#8217;eix central han estat els valors humans i les bones accions que hem de desenvolupar envers els altres.<\/p>\n<p>La can\u00e7\u00f3 treballada ha estat On \u00e9crit sur les murs del grup Kids United, ja que transmet missatges envers la igualtat, els somnis, l&#8217;estima, la esperan\u00e7a, la interculturalitat. Us convidem a escoltar-la!!!!<\/p>\n<p>El resultat ha est\u00e0 magn\u00edfic! Molt bon treball Baltis! Seguim impregnant-nos del bon fer i el bon estar \ud83d\ude42<\/p>\n<p>Aqu\u00ed us regalem la nostra creaci\u00f3. Esperem que us agradi \ud83d\ude09<\/p>\n<div class=\"ast-oembed-container \" style=\"height: 100%;\"><iframe loading=\"lazy\" title=\"On ecrit sur le murs. Videoclip per la Pau.\" width=\"500\" height=\"281\" src=\"https:\/\/www.youtube.com\/embed\/NaIRo0zp6ak?feature=oembed\" frameborder=\"0\" allow=\"accelerometer; autoplay; clipboard-write; encrypted-media; gyroscope; picture-in-picture; web-share\" referrerpolicy=\"strict-origin-when-cross-origin\" allowfullscreen><\/iframe><\/div>\n","protected":false},"excerpt":{"rendered":"<p>Doncs la sorpresa que us vam comentar, ja ha sortit a la llum!!!! Pel Dia Escolar de la No-Viol\u00e8ncia i la Pau, que es celebra el 30 de Gener, entre tots els alumnes de l&#8217;escola que assisteixen al servei de menjador, vam crear un videoclip per commemorar aquest dia. Ells i elles han estat els [&hellip;]<\/p>\n","protected":false},"author":1,"featured_media":3451,"comment_status":"open","ping_status":"closed","sticky":false,"template":"","format":"standard","meta":{"_bbp_topic_count":0,"_bbp_reply_count":0,"_bbp_total_topic_count":0,"_bbp_total_reply_count":0,"_bbp_voice_count":0,"_bbp_anonymous_reply_count":0,"_bbp_topic_count_hidden":0,"_bbp_reply_count_hidden":0,"_bbp_forum_subforum_count":0,"site-sidebar-layout":"default","site-content-layout":"","ast-site-content-layout":"","site-content-style":"default","site-sidebar-style":"default","ast-global-header-display":"","ast-banner-title-visibility":"","ast-main-header-display":"","ast-hfb-above-header-display":"","ast-hfb-below-header-display":"","ast-hfb-mobile-header-display":"","site-post-title":"","ast-breadcrumbs-content":"","ast-featured-img":"","footer-sml-layout":"","theme-transparent-header-meta":"","adv-header-id-meta":"","stick-header-meta":"","header-above-stick-meta":"","header-main-stick-meta":"","header-below-stick-meta":"","astra-migrate-meta-layouts":"default","ast-page-background-enabled":"default","ast-page-background-meta":{"desktop":{"background-color":"var(--ast-global-color-4)","background-image":"","background-repeat":"repeat","background-position":"center center","background-size":"auto","background-attachment":"scroll","background-type":"","background-media":"","overlay-type":"","overlay-color":"","overlay-opacity":"","overlay-gradient":""},"tablet":{"background-color":"","background-image":"","background-repeat":"repeat","background-position":"center center","background-size":"auto","background-attachment":"scroll","background-type":"","background-media":"","overlay-type":"","overlay-color":"","overlay-opacity":"","overlay-gradient":""},"mobile":{"background-color":"","background-image":"","background-repeat":"repeat","background-position":"center center","background-size":"auto","background-attachment":"scroll","background-type":"","background-media":"","overlay-type":"","overlay-color":"","overlay-opacity":"","overlay-gradient":""}},"ast-content-background-meta":{"desktop":{"background-color":"var(--ast-global-color-5)","background-image":"","background-repeat":"repeat","background-position":"center center","background-size":"auto","background-attachment":"scroll","background-type":"","background-media":"","overlay-type":"","overlay-color":"","overlay-opacity":"","overlay-gradient":""},"tablet":{"background-color":"var(--ast-global-color-5)","background-image":"","background-repeat":"repeat","background-position":"center center","background-size":"auto","background-attachment":"scroll","background-type":"","background-media":"","overlay-type":"","overlay-color":"","overlay-opacity":"","overlay-gradient":""},"mobile":{"background-color":"var(--ast-global-color-5)","background-image":"","background-repeat":"repeat","background-position":"center center","background-size":"auto","background-attachment":"scroll","background-type":"","background-media":"","overlay-type":"","overlay-color":"","overlay-opacity":"","overlay-gradient":""}},"footnotes":""},"categories":[4],"tags":[58,184,90,61,71],"class_list":["post-3450","post","type-post","status-publish","format-standard","has-post-thumbnail","hentry","category-portada","tag-baltasar-segu","tag-menjador","tag-serbaltimolamolt","tag-treball-cooperatiu","tag-valors"],"post_mailing_queue_ids":[],"_links":{"self":[{"href":"https:\/\/agora.xtec.cat\/ceipbaltasar\/wp-json\/wp\/v2\/posts\/3450","targetHints":{"allow":["GET"]}}],"collection":[{"href":"https:\/\/agora.xtec.cat\/ceipbaltasar\/wp-json\/wp\/v2\/posts"}],"about":[{"href":"https:\/\/agora.xtec.cat\/ceipbaltasar\/wp-json\/wp\/v2\/types\/post"}],"author":[{"embeddable":true,"href":"https:\/\/agora.xtec.cat\/ceipbaltasar\/wp-json\/wp\/v2\/users\/1"}],"replies":[{"embeddable":true,"href":"https:\/\/agora.xtec.cat\/ceipbaltasar\/wp-json\/wp\/v2\/comments?post=3450"}],"version-history":[{"count":3,"href":"https:\/\/agora.xtec.cat\/ceipbaltasar\/wp-json\/wp\/v2\/posts\/3450\/revisions"}],"predecessor-version":[{"id":3454,"href":"https:\/\/agora.xtec.cat\/ceipbaltasar\/wp-json\/wp\/v2\/posts\/3450\/revisions\/3454"}],"wp:featuredmedia":[{"embeddable":true,"href":"https:\/\/agora.xtec.cat\/ceipbaltasar\/wp-json\/wp\/v2\/media\/3451"}],"wp:attachment":[{"href":"https:\/\/agora.xtec.cat\/ceipbaltasar\/wp-json\/wp\/v2\/media?parent=3450"}],"wp:term":[{"taxonomy":"category","embeddable":true,"href":"https:\/\/agora.xtec.cat\/ceipbaltasar\/wp-json\/wp\/v2\/categories?post=3450"},{"taxonomy":"post_tag","embeddable":true,"href":"https:\/\/agora.xtec.cat\/ceipbaltasar\/wp-json\/wp\/v2\/tags?post=3450"}],"curies":[{"name":"wp","href":"https:\/\/api.w.org\/{rel}","templated":true}]}}