{"id":3191,"date":"2019-01-29T18:15:05","date_gmt":"2019-01-29T17:15:05","guid":{"rendered":"http:\/\/agora.xtec.cat\/ceipbaltasar\/?p=3191"},"modified":"2019-01-29T20:06:58","modified_gmt":"2019-01-29T19:06:58","slug":"la-noticia-de-laula-al-diari","status":"publish","type":"post","link":"https:\/\/agora.xtec.cat\/ceipbaltasar\/general\/la-noticia-de-laula-al-diari\/","title":{"rendered":"LA NOT\u00cdCIA: de l\u2019aula al diari"},"content":{"rendered":"<p>Els nens i nenes de primer, hem finalitzat el projecte dels pollets. Avui han arribat el gall i la gallina que vam veure n\u00e9ixer, es quedaran al galliner de l\u2019escola.<\/p>\n<p><a href=\"https:\/\/agora.xtec.cat\/ceipbaltasar\/wp-content\/uploads\/usu989\/2019\/01\/30F68102-05B4-480F-A46F-6FD499AA1CD2.jpeg\"><img loading=\"lazy\" decoding=\"async\" class=\"size-medium wp-image-3192 aligncenter\" src=\"https:\/\/agora.xtec.cat\/ceipbaltasar\/wp-content\/uploads\/usu989\/2019\/01\/30F68102-05B4-480F-A46F-6FD499AA1CD2-300x191.jpeg\" alt=\"\" width=\"300\" height=\"191\" srcset=\"https:\/\/agora.xtec.cat\/ceipbaltasar\/wp-content\/uploads\/usu989\/2019\/01\/30F68102-05B4-480F-A46F-6FD499AA1CD2-300x191.jpeg 300w, https:\/\/agora.xtec.cat\/ceipbaltasar\/wp-content\/uploads\/usu989\/2019\/01\/30F68102-05B4-480F-A46F-6FD499AA1CD2-768x490.jpeg 768w, https:\/\/agora.xtec.cat\/ceipbaltasar\/wp-content\/uploads\/usu989\/2019\/01\/30F68102-05B4-480F-A46F-6FD499AA1CD2-1024x654.jpeg 1024w, https:\/\/agora.xtec.cat\/ceipbaltasar\/wp-content\/uploads\/usu989\/2019\/01\/30F68102-05B4-480F-A46F-6FD499AA1CD2.jpeg 1125w\" sizes=\"auto, (max-width: 300px) 100vw, 300px\" \/><\/a><\/p>\n<p>Aprofitant que aquest trimestre comen\u00e7arem a treballar la not\u00edcia com a tipologia textual, n\u2019hem redactat una conjuntament per explicar qu\u00e8 hem viscut. Aquest \u00e9s el resultat:<\/p>\n<p>Dilluns, 21 de gener de 2019<\/p>\n<p><strong>DE POLLET A GALL I GALLINA<\/strong><\/p>\n<p>Han crescut els pollets. Abans eren pollets i ara son un gall i una gallina. Ja tenen plomes, ha desaparegut el borrissol. Ha crescut la cresta i els barbons. Els hem tocat i tenen les plomes suaus. Un \u00e9s negre i un \u00e9s marr\u00f3.<\/p>\n<p>Ja son al galliner de l\u2019escola i ens agrada molt com son.<\/p>\n<p>Els nens i nenes de primer.<\/p>\n<p><a href=\"https:\/\/agora.xtec.cat\/ceipbaltasar\/wp-content\/uploads\/usu989\/2019\/01\/18C8A6F0-D16F-4846-B632-79EEC22F8F75.jpeg\"><img loading=\"lazy\" decoding=\"async\" class=\"size-medium wp-image-3193 aligncenter\" src=\"https:\/\/agora.xtec.cat\/ceipbaltasar\/wp-content\/uploads\/usu989\/2019\/01\/18C8A6F0-D16F-4846-B632-79EEC22F8F75-300x211.jpeg\" alt=\"\" width=\"300\" height=\"211\" srcset=\"https:\/\/agora.xtec.cat\/ceipbaltasar\/wp-content\/uploads\/usu989\/2019\/01\/18C8A6F0-D16F-4846-B632-79EEC22F8F75-300x211.jpeg 300w, https:\/\/agora.xtec.cat\/ceipbaltasar\/wp-content\/uploads\/usu989\/2019\/01\/18C8A6F0-D16F-4846-B632-79EEC22F8F75-768x539.jpeg 768w, https:\/\/agora.xtec.cat\/ceipbaltasar\/wp-content\/uploads\/usu989\/2019\/01\/18C8A6F0-D16F-4846-B632-79EEC22F8F75-1024x719.jpeg 1024w, https:\/\/agora.xtec.cat\/ceipbaltasar\/wp-content\/uploads\/usu989\/2019\/01\/18C8A6F0-D16F-4846-B632-79EEC22F8F75.jpeg 1125w\" sizes=\"auto, (max-width: 300px) 100vw, 300px\" \/><\/a><\/p>\n<p>I divendres&#8230;en obrir el diari vam tenir una sorpresa: la not\u00edcia havia estat publicada!<\/p>\n<p><a href=\"https:\/\/agora.xtec.cat\/ceipbaltasar\/wp-content\/uploads\/usu989\/2019\/01\/6C2B7AEB-3C50-4E29-92E7-86EBC934CE21.jpeg\"><img loading=\"lazy\" decoding=\"async\" class=\"size-medium wp-image-3195 aligncenter\" src=\"https:\/\/agora.xtec.cat\/ceipbaltasar\/wp-content\/uploads\/usu989\/2019\/01\/6C2B7AEB-3C50-4E29-92E7-86EBC934CE21-254x300.jpeg\" alt=\"\" width=\"254\" height=\"300\" srcset=\"https:\/\/agora.xtec.cat\/ceipbaltasar\/wp-content\/uploads\/usu989\/2019\/01\/6C2B7AEB-3C50-4E29-92E7-86EBC934CE21-254x300.jpeg 254w, https:\/\/agora.xtec.cat\/ceipbaltasar\/wp-content\/uploads\/usu989\/2019\/01\/6C2B7AEB-3C50-4E29-92E7-86EBC934CE21-768x906.jpeg 768w, https:\/\/agora.xtec.cat\/ceipbaltasar\/wp-content\/uploads\/usu989\/2019\/01\/6C2B7AEB-3C50-4E29-92E7-86EBC934CE21-868x1024.jpeg 868w, https:\/\/agora.xtec.cat\/ceipbaltasar\/wp-content\/uploads\/usu989\/2019\/01\/6C2B7AEB-3C50-4E29-92E7-86EBC934CE21.jpeg 1058w\" sizes=\"auto, (max-width: 254px) 100vw, 254px\" \/><\/a><\/p>\n<p>&nbsp;<\/p>\n","protected":false},"excerpt":{"rendered":"<p>Els nens i nenes de primer, hem finalitzat el projecte dels pollets. Avui han arribat el gall i la gallina que vam veure n\u00e9ixer, es quedaran al galliner de l\u2019escola. Aprofitant que aquest trimestre comen\u00e7arem a treballar la not\u00edcia com a tipologia textual, n\u2019hem redactat una conjuntament per explicar qu\u00e8 hem viscut. Aquest \u00e9s el [&hellip;]<\/p>\n","protected":false},"author":1,"featured_media":3195,"comment_status":"open","ping_status":"closed","sticky":false,"template":"","format":"standard","meta":{"_bbp_topic_count":0,"_bbp_reply_count":0,"_bbp_total_topic_count":0,"_bbp_total_reply_count":0,"_bbp_voice_count":0,"_bbp_anonymous_reply_count":0,"_bbp_topic_count_hidden":0,"_bbp_reply_count_hidden":0,"_bbp_forum_subforum_count":0,"site-sidebar-layout":"default","site-content-layout":"","ast-site-content-layout":"","site-content-style":"default","site-sidebar-style":"default","ast-global-header-display":"","ast-banner-title-visibility":"","ast-main-header-display":"","ast-hfb-above-header-display":"","ast-hfb-below-header-display":"","ast-hfb-mobile-header-display":"","site-post-title":"","ast-breadcrumbs-content":"","ast-featured-img":"","footer-sml-layout":"","theme-transparent-header-meta":"","adv-header-id-meta":"","stick-header-meta":"","header-above-stick-meta":"","header-main-stick-meta":"","header-below-stick-meta":"","astra-migrate-meta-layouts":"default","ast-page-background-enabled":"default","ast-page-background-meta":{"desktop":{"background-color":"var(--ast-global-color-4)","background-image":"","background-repeat":"repeat","background-position":"center center","background-size":"auto","background-attachment":"scroll","background-type":"","background-media":"","overlay-type":"","overlay-color":"","overlay-opacity":"","overlay-gradient":""},"tablet":{"background-color":"","background-image":"","background-repeat":"repeat","background-position":"center center","background-size":"auto","background-attachment":"scroll","background-type":"","background-media":"","overlay-type":"","overlay-color":"","overlay-opacity":"","overlay-gradient":""},"mobile":{"background-color":"","background-image":"","background-repeat":"repeat","background-position":"center center","background-size":"auto","background-attachment":"scroll","background-type":"","background-media":"","overlay-type":"","overlay-color":"","overlay-opacity":"","overlay-gradient":""}},"ast-content-background-meta":{"desktop":{"background-color":"var(--ast-global-color-5)","background-image":"","background-repeat":"repeat","background-position":"center center","background-size":"auto","background-attachment":"scroll","background-type":"","background-media":"","overlay-type":"","overlay-color":"","overlay-opacity":"","overlay-gradient":""},"tablet":{"background-color":"var(--ast-global-color-5)","background-image":"","background-repeat":"repeat","background-position":"center center","background-size":"auto","background-attachment":"scroll","background-type":"","background-media":"","overlay-type":"","overlay-color":"","overlay-opacity":"","overlay-gradient":""},"mobile":{"background-color":"var(--ast-global-color-5)","background-image":"","background-repeat":"repeat","background-position":"center center","background-size":"auto","background-attachment":"scroll","background-type":"","background-media":"","overlay-type":"","overlay-color":"","overlay-opacity":"","overlay-gradient":""}},"footnotes":""},"categories":[10,1,4,5],"tags":[],"class_list":["post-3191","post","type-post","status-publish","format-standard","has-post-thumbnail","hentry","category-1r","category-general","category-portada","category-primaria"],"post_mailing_queue_ids":[],"_links":{"self":[{"href":"https:\/\/agora.xtec.cat\/ceipbaltasar\/wp-json\/wp\/v2\/posts\/3191","targetHints":{"allow":["GET"]}}],"collection":[{"href":"https:\/\/agora.xtec.cat\/ceipbaltasar\/wp-json\/wp\/v2\/posts"}],"about":[{"href":"https:\/\/agora.xtec.cat\/ceipbaltasar\/wp-json\/wp\/v2\/types\/post"}],"author":[{"embeddable":true,"href":"https:\/\/agora.xtec.cat\/ceipbaltasar\/wp-json\/wp\/v2\/users\/1"}],"replies":[{"embeddable":true,"href":"https:\/\/agora.xtec.cat\/ceipbaltasar\/wp-json\/wp\/v2\/comments?post=3191"}],"version-history":[{"count":2,"href":"https:\/\/agora.xtec.cat\/ceipbaltasar\/wp-json\/wp\/v2\/posts\/3191\/revisions"}],"predecessor-version":[{"id":3197,"href":"https:\/\/agora.xtec.cat\/ceipbaltasar\/wp-json\/wp\/v2\/posts\/3191\/revisions\/3197"}],"wp:featuredmedia":[{"embeddable":true,"href":"https:\/\/agora.xtec.cat\/ceipbaltasar\/wp-json\/wp\/v2\/media\/3195"}],"wp:attachment":[{"href":"https:\/\/agora.xtec.cat\/ceipbaltasar\/wp-json\/wp\/v2\/media?parent=3191"}],"wp:term":[{"taxonomy":"category","embeddable":true,"href":"https:\/\/agora.xtec.cat\/ceipbaltasar\/wp-json\/wp\/v2\/categories?post=3191"},{"taxonomy":"post_tag","embeddable":true,"href":"https:\/\/agora.xtec.cat\/ceipbaltasar\/wp-json\/wp\/v2\/tags?post=3191"}],"curies":[{"name":"wp","href":"https:\/\/api.w.org\/{rel}","templated":true}]}}