{"id":2723,"date":"2018-12-17T14:00:25","date_gmt":"2018-12-17T13:00:25","guid":{"rendered":"http:\/\/agora.xtec.cat\/ceipbaltasar\/?p=2723"},"modified":"2018-12-17T15:47:01","modified_gmt":"2018-12-17T14:47:01","slug":"premi-dolors-vives-i-rodon-sobre-coeducacio-baltiguanyadors","status":"publish","type":"post","link":"https:\/\/agora.xtec.cat\/ceipbaltasar\/portada\/premi-dolors-vives-i-rodon-sobre-coeducacio-baltiguanyadors\/","title":{"rendered":"Premi Dolors Vives i Rodon. Baltiguanyadors!!!!"},"content":{"rendered":"<p style=\"text-align: justify;\"><span style=\"color: #000000;\">Els Baltis estem molt contents perqu\u00e8 hem guanyat el 1r premi Dolors Vives pel nostre treball \u201cLes dones fan hist\u00f2ria\u201d realitzat a l\u2019inici d\u2019aquest curs.<\/span><\/p>\n<p style=\"text-align: justify;\"><span style=\"color: #000000;\">Aquest dimarts 4 d\u2019octubre es va celebrar, al sal\u00f3 de plens de l\u2019Ajuntament, l\u2019acte de lliurament dels premis que va comptar amb la participaci\u00f3 de l\u2019alcalde de Valls, la regidora de Participaci\u00f3 Ciutadana i Igualtat i el nebot de l\u2019aviadora vallenca Dolors Vives que d\u00f3na nom als premis.<\/span><\/p>\n<p style=\"text-align: justify;\"><span style=\"color: #000000;\">Una nombrosa representaci\u00f3 de tota la nostra comunitat educativa va assistir enorgullida a l\u2019entrega de premis. Estem tots molt contents de la tasca feta i conven\u00e7uts de seguir treballant per afavorir la coeducaci\u00f3 i la igualtat de g\u00e8nere.<\/span><\/p>\n<p style=\"text-align: justify;\"><span style=\"color: #000000;\">Aqu\u00ed us deixem un v\u00eddeo amb una mostra dels treballs guanyadors. Enhorabona a tots!!!!<\/span><\/p>\n<p style=\"text-align: justify;\"><span style=\"color: #000000;\">Tamb\u00e9 us deixem unes imatges de l&#8217;acte. Cliqueu<\/span> <a href=\"https:\/\/photos.app.goo.gl\/G5QUQ3jW8Nt9brpA9\"><span style=\"color: #ff6600;\">AQU\u00cd<\/span><\/a> <span style=\"color: #000000;\">per accedir a l&#8217;\u00e0lbum.<\/span><\/p>\n<p>&nbsp;<\/p>\n<p><iframe loading=\"lazy\" src=\"\/\/www.youtube.com\/embed\/vBXLV-QSQYg\" width=\"1024\" height=\"786\" allowfullscreen=\"allowfullscreen\"><\/iframe><\/p>\n","protected":false},"excerpt":{"rendered":"<p>Els Baltis estem molt contents perqu\u00e8 hem guanyat el 1r premi Dolors Vives pel nostre treball \u201cLes dones fan hist\u00f2ria\u201d realitzat a l\u2019inici d\u2019aquest curs. Aquest dimarts 4 d\u2019octubre es va celebrar, al sal\u00f3 de plens de l\u2019Ajuntament, l\u2019acte de lliurament dels premis que va comptar amb la participaci\u00f3 de l\u2019alcalde de Valls, la regidora [&hellip;]<\/p>\n","protected":false},"author":4,"featured_media":2724,"comment_status":"open","ping_status":"closed","sticky":false,"template":"","format":"standard","meta":{"_bbp_topic_count":0,"_bbp_reply_count":0,"_bbp_total_topic_count":0,"_bbp_total_reply_count":0,"_bbp_voice_count":0,"_bbp_anonymous_reply_count":0,"_bbp_topic_count_hidden":0,"_bbp_reply_count_hidden":0,"_bbp_forum_subforum_count":0,"site-sidebar-layout":"default","site-content-layout":"","ast-site-content-layout":"","site-content-style":"default","site-sidebar-style":"default","ast-global-header-display":"","ast-banner-title-visibility":"","ast-main-header-display":"","ast-hfb-above-header-display":"","ast-hfb-below-header-display":"","ast-hfb-mobile-header-display":"","site-post-title":"","ast-breadcrumbs-content":"","ast-featured-img":"","footer-sml-layout":"","theme-transparent-header-meta":"","adv-header-id-meta":"","stick-header-meta":"","header-above-stick-meta":"","header-main-stick-meta":"","header-below-stick-meta":"","astra-migrate-meta-layouts":"default","ast-page-background-enabled":"default","ast-page-background-meta":{"desktop":{"background-color":"var(--ast-global-color-4)","background-image":"","background-repeat":"repeat","background-position":"center center","background-size":"auto","background-attachment":"scroll","background-type":"","background-media":"","overlay-type":"","overlay-color":"","overlay-opacity":"","overlay-gradient":""},"tablet":{"background-color":"","background-image":"","background-repeat":"repeat","background-position":"center center","background-size":"auto","background-attachment":"scroll","background-type":"","background-media":"","overlay-type":"","overlay-color":"","overlay-opacity":"","overlay-gradient":""},"mobile":{"background-color":"","background-image":"","background-repeat":"repeat","background-position":"center center","background-size":"auto","background-attachment":"scroll","background-type":"","background-media":"","overlay-type":"","overlay-color":"","overlay-opacity":"","overlay-gradient":""}},"ast-content-background-meta":{"desktop":{"background-color":"var(--ast-global-color-5)","background-image":"","background-repeat":"repeat","background-position":"center center","background-size":"auto","background-attachment":"scroll","background-type":"","background-media":"","overlay-type":"","overlay-color":"","overlay-opacity":"","overlay-gradient":""},"tablet":{"background-color":"var(--ast-global-color-5)","background-image":"","background-repeat":"repeat","background-position":"center center","background-size":"auto","background-attachment":"scroll","background-type":"","background-media":"","overlay-type":"","overlay-color":"","overlay-opacity":"","overlay-gradient":""},"mobile":{"background-color":"var(--ast-global-color-5)","background-image":"","background-repeat":"repeat","background-position":"center center","background-size":"auto","background-attachment":"scroll","background-type":"","background-media":"","overlay-type":"","overlay-color":"","overlay-opacity":"","overlay-gradient":""}},"footnotes":""},"categories":[4],"tags":[188,187],"class_list":["post-2723","post","type-post","status-publish","format-standard","has-post-thumbnail","hentry","category-portada","tag-coeducacio","tag-premi"],"post_mailing_queue_ids":[],"_links":{"self":[{"href":"https:\/\/agora.xtec.cat\/ceipbaltasar\/wp-json\/wp\/v2\/posts\/2723","targetHints":{"allow":["GET"]}}],"collection":[{"href":"https:\/\/agora.xtec.cat\/ceipbaltasar\/wp-json\/wp\/v2\/posts"}],"about":[{"href":"https:\/\/agora.xtec.cat\/ceipbaltasar\/wp-json\/wp\/v2\/types\/post"}],"author":[{"embeddable":true,"href":"https:\/\/agora.xtec.cat\/ceipbaltasar\/wp-json\/wp\/v2\/users\/4"}],"replies":[{"embeddable":true,"href":"https:\/\/agora.xtec.cat\/ceipbaltasar\/wp-json\/wp\/v2\/comments?post=2723"}],"version-history":[{"count":5,"href":"https:\/\/agora.xtec.cat\/ceipbaltasar\/wp-json\/wp\/v2\/posts\/2723\/revisions"}],"predecessor-version":[{"id":2765,"href":"https:\/\/agora.xtec.cat\/ceipbaltasar\/wp-json\/wp\/v2\/posts\/2723\/revisions\/2765"}],"wp:featuredmedia":[{"embeddable":true,"href":"https:\/\/agora.xtec.cat\/ceipbaltasar\/wp-json\/wp\/v2\/media\/2724"}],"wp:attachment":[{"href":"https:\/\/agora.xtec.cat\/ceipbaltasar\/wp-json\/wp\/v2\/media?parent=2723"}],"wp:term":[{"taxonomy":"category","embeddable":true,"href":"https:\/\/agora.xtec.cat\/ceipbaltasar\/wp-json\/wp\/v2\/categories?post=2723"},{"taxonomy":"post_tag","embeddable":true,"href":"https:\/\/agora.xtec.cat\/ceipbaltasar\/wp-json\/wp\/v2\/tags?post=2723"}],"curies":[{"name":"wp","href":"https:\/\/api.w.org\/{rel}","templated":true}]}}