{"id":2385,"date":"2018-10-17T21:24:50","date_gmt":"2018-10-17T19:24:50","guid":{"rendered":"http:\/\/agora.xtec.cat\/ceipbaltasar\/?p=2385"},"modified":"2018-10-18T05:41:00","modified_gmt":"2018-10-18T03:41:00","slug":"experimentem-amb-els-moviments-de-la-terra","status":"publish","type":"post","link":"https:\/\/agora.xtec.cat\/ceipbaltasar\/primaria\/comunitat-de-mitjans\/2n\/experimentem-amb-els-moviments-de-la-terra\/","title":{"rendered":"LA RELACI\u00d3 DELS MOVIMENTS DE LA TERRA AMB EL DIA, LA NIT I LES ESTACIONS DE L\u2019ANY"},"content":{"rendered":"<p>Els Baltis de 2n hem seguit treballant els moviments de la terra i ho hem vivenciat de diferents maneres. Amb una llanterna que representava el Sol i una bola del m\u00f3n hem observat la relaci\u00f3 del moviment de rotaci\u00f3 amb el dia i la nit. Despr\u00e9s, amb una pilota gran que representava el Sol i la Terra hem relacionat el moviment de translaci\u00f3 amb les diferents estacions de l\u2019any. Finalment, despr\u00e9s de parlar-ne tamb\u00e9 hem aprofitat per escenificar els eclipsis.<\/p>\n<p><a href=\"https:\/\/photos.app.goo.gl\/6LYagy9m3FeFGiCFA\" target=\"_blank\" rel=\"noopener\"><img loading=\"lazy\" decoding=\"async\" class=\"alignnone size-large wp-image-2386\" src=\"https:\/\/agora.xtec.cat\/ceipbaltasar\/wp-content\/uploads\/usu989\/2018\/10\/8CB013EF-A5B9-42A2-A159-7ABECDB95819-1024x1024.jpeg\" alt=\"\" width=\"1024\" height=\"1024\" srcset=\"https:\/\/agora.xtec.cat\/ceipbaltasar\/wp-content\/uploads\/usu989\/2018\/10\/8CB013EF-A5B9-42A2-A159-7ABECDB95819-1024x1024.jpeg 1024w, https:\/\/agora.xtec.cat\/ceipbaltasar\/wp-content\/uploads\/usu989\/2018\/10\/8CB013EF-A5B9-42A2-A159-7ABECDB95819-150x150.jpeg 150w, https:\/\/agora.xtec.cat\/ceipbaltasar\/wp-content\/uploads\/usu989\/2018\/10\/8CB013EF-A5B9-42A2-A159-7ABECDB95819-300x300.jpeg 300w, https:\/\/agora.xtec.cat\/ceipbaltasar\/wp-content\/uploads\/usu989\/2018\/10\/8CB013EF-A5B9-42A2-A159-7ABECDB95819-768x768.jpeg 768w\" sizes=\"auto, (max-width: 1024px) 100vw, 1024px\" \/><\/a>aq<\/p>\n","protected":false},"excerpt":{"rendered":"<p>Els Baltis de 2n hem seguit treballant els moviments de la terra i ho hem vivenciat de diferents maneres. Amb una llanterna que representava el Sol i una bola del m\u00f3n hem observat la relaci\u00f3 del moviment de rotaci\u00f3 amb el dia i la nit. Despr\u00e9s, amb una pilota gran que representava el Sol i [&hellip;]<\/p>\n","protected":false},"author":4,"featured_media":0,"comment_status":"open","ping_status":"closed","sticky":false,"template":"","format":"standard","meta":{"_bbp_topic_count":0,"_bbp_reply_count":0,"_bbp_total_topic_count":0,"_bbp_total_reply_count":0,"_bbp_voice_count":0,"_bbp_anonymous_reply_count":0,"_bbp_topic_count_hidden":0,"_bbp_reply_count_hidden":0,"_bbp_forum_subforum_count":0,"site-sidebar-layout":"default","site-content-layout":"","ast-site-content-layout":"","site-content-style":"default","site-sidebar-style":"default","ast-global-header-display":"","ast-banner-title-visibility":"","ast-main-header-display":"","ast-hfb-above-header-display":"","ast-hfb-below-header-display":"","ast-hfb-mobile-header-display":"","site-post-title":"","ast-breadcrumbs-content":"","ast-featured-img":"","footer-sml-layout":"","theme-transparent-header-meta":"","adv-header-id-meta":"","stick-header-meta":"","header-above-stick-meta":"","header-main-stick-meta":"","header-below-stick-meta":"","astra-migrate-meta-layouts":"default","ast-page-background-enabled":"default","ast-page-background-meta":{"desktop":{"background-color":"var(--ast-global-color-4)","background-image":"","background-repeat":"repeat","background-position":"center center","background-size":"auto","background-attachment":"scroll","background-type":"","background-media":"","overlay-type":"","overlay-color":"","overlay-opacity":"","overlay-gradient":""},"tablet":{"background-color":"","background-image":"","background-repeat":"repeat","background-position":"center center","background-size":"auto","background-attachment":"scroll","background-type":"","background-media":"","overlay-type":"","overlay-color":"","overlay-opacity":"","overlay-gradient":""},"mobile":{"background-color":"","background-image":"","background-repeat":"repeat","background-position":"center center","background-size":"auto","background-attachment":"scroll","background-type":"","background-media":"","overlay-type":"","overlay-color":"","overlay-opacity":"","overlay-gradient":""}},"ast-content-background-meta":{"desktop":{"background-color":"var(--ast-global-color-5)","background-image":"","background-repeat":"repeat","background-position":"center center","background-size":"auto","background-attachment":"scroll","background-type":"","background-media":"","overlay-type":"","overlay-color":"","overlay-opacity":"","overlay-gradient":""},"tablet":{"background-color":"var(--ast-global-color-5)","background-image":"","background-repeat":"repeat","background-position":"center center","background-size":"auto","background-attachment":"scroll","background-type":"","background-media":"","overlay-type":"","overlay-color":"","overlay-opacity":"","overlay-gradient":""},"mobile":{"background-color":"var(--ast-global-color-5)","background-image":"","background-repeat":"repeat","background-position":"center center","background-size":"auto","background-attachment":"scroll","background-type":"","background-media":"","overlay-type":"","overlay-color":"","overlay-opacity":"","overlay-gradient":""}},"footnotes":""},"categories":[11],"tags":[162,142,156],"class_list":["post-2385","post","type-post","status-publish","format-standard","hentry","category-2n","tag-experimentacio","tag-projectes","tag-univers"],"post_mailing_queue_ids":[],"_links":{"self":[{"href":"https:\/\/agora.xtec.cat\/ceipbaltasar\/wp-json\/wp\/v2\/posts\/2385","targetHints":{"allow":["GET"]}}],"collection":[{"href":"https:\/\/agora.xtec.cat\/ceipbaltasar\/wp-json\/wp\/v2\/posts"}],"about":[{"href":"https:\/\/agora.xtec.cat\/ceipbaltasar\/wp-json\/wp\/v2\/types\/post"}],"author":[{"embeddable":true,"href":"https:\/\/agora.xtec.cat\/ceipbaltasar\/wp-json\/wp\/v2\/users\/4"}],"replies":[{"embeddable":true,"href":"https:\/\/agora.xtec.cat\/ceipbaltasar\/wp-json\/wp\/v2\/comments?post=2385"}],"version-history":[{"count":3,"href":"https:\/\/agora.xtec.cat\/ceipbaltasar\/wp-json\/wp\/v2\/posts\/2385\/revisions"}],"predecessor-version":[{"id":2404,"href":"https:\/\/agora.xtec.cat\/ceipbaltasar\/wp-json\/wp\/v2\/posts\/2385\/revisions\/2404"}],"wp:attachment":[{"href":"https:\/\/agora.xtec.cat\/ceipbaltasar\/wp-json\/wp\/v2\/media?parent=2385"}],"wp:term":[{"taxonomy":"category","embeddable":true,"href":"https:\/\/agora.xtec.cat\/ceipbaltasar\/wp-json\/wp\/v2\/categories?post=2385"},{"taxonomy":"post_tag","embeddable":true,"href":"https:\/\/agora.xtec.cat\/ceipbaltasar\/wp-json\/wp\/v2\/tags?post=2385"}],"curies":[{"name":"wp","href":"https:\/\/api.w.org\/{rel}","templated":true}]}}