{"id":2115,"date":"2018-05-24T11:48:36","date_gmt":"2018-05-24T09:48:36","guid":{"rendered":"http:\/\/agora.xtec.cat\/ceipbaltasar\/?p=2115"},"modified":"2018-05-24T11:48:36","modified_gmt":"2018-05-24T09:48:36","slug":"taller-llet-cm","status":"publish","type":"post","link":"https:\/\/agora.xtec.cat\/ceipbaltasar\/portada\/taller-llet-cm\/","title":{"rendered":"Taller llet CM"},"content":{"rendered":"<p>Els baltis de CM hem rebut la visita de M\u00f2nica que \u00e9s nutricionista i ens ha parlat dels beneficis del consum de llet pels nens i nenes de la nostra edat. Aquesta acci\u00f3 s\u2019emmarca en el programa europeu de distribuci\u00f3 de llet a les escoles, que busca promoure el consum de llet i els seus derivats en les dietes dels alumnes durant l\u2019etapa de formaci\u00f3 dels seus h\u00e0bits alimentaris.<\/p>\n<p>Si voleu m\u00e9s informaci\u00f3 visiteu la web:<\/p>\n<p><a href=\"http:\/\/lucydisfrutaconloslacteos.es\/\">http:\/\/lucydisfrutaconloslacteos.es\/<\/a><\/p>\n<p>I si voleu veure les fotos del taller cliqueu al damunt de la imatge:<\/p>\n<p><a href=\"https:\/\/photos.app.goo.gl\/1dMvxmfkwxwPQ0Jn1\"><img loading=\"lazy\" decoding=\"async\" class=\"aligncenter wp-image-2117 size-large\" src=\"http:\/\/agora.xtec.cat\/ceipbaltasar\/wp-content\/uploads\/usu989\/2018\/05\/WhatsApp-Image-2018-05-23-at-10.24.29-1024x576.jpeg\" alt=\"\" width=\"1024\" height=\"576\" srcset=\"https:\/\/agora.xtec.cat\/ceipbaltasar\/wp-content\/uploads\/usu989\/2018\/05\/WhatsApp-Image-2018-05-23-at-10.24.29-1024x576.jpeg 1024w, https:\/\/agora.xtec.cat\/ceipbaltasar\/wp-content\/uploads\/usu989\/2018\/05\/WhatsApp-Image-2018-05-23-at-10.24.29-300x169.jpeg 300w, https:\/\/agora.xtec.cat\/ceipbaltasar\/wp-content\/uploads\/usu989\/2018\/05\/WhatsApp-Image-2018-05-23-at-10.24.29-768x432.jpeg 768w, https:\/\/agora.xtec.cat\/ceipbaltasar\/wp-content\/uploads\/usu989\/2018\/05\/WhatsApp-Image-2018-05-23-at-10.24.29.jpeg 1600w\" sizes=\"auto, (max-width: 1024px) 100vw, 1024px\" \/><\/a><\/p>\n<p>&nbsp;<\/p>\n<p>&nbsp;<\/p>\n<p>&nbsp;<\/p>\n","protected":false},"excerpt":{"rendered":"<p>Els baltis de CM hem rebut la visita de M\u00f2nica que \u00e9s nutricionista i ens ha parlat dels beneficis del consum de llet pels nens i nenes de la nostra edat. Aquesta acci\u00f3 s\u2019emmarca en el programa europeu de distribuci\u00f3 de llet a les escoles, que busca promoure el consum de llet i els seus [&hellip;]<\/p>\n","protected":false},"author":1,"featured_media":2118,"comment_status":"open","ping_status":"closed","sticky":false,"template":"","format":"standard","meta":{"_bbp_topic_count":0,"_bbp_reply_count":0,"_bbp_total_topic_count":0,"_bbp_total_reply_count":0,"_bbp_voice_count":0,"_bbp_anonymous_reply_count":0,"_bbp_topic_count_hidden":0,"_bbp_reply_count_hidden":0,"_bbp_forum_subforum_count":0,"site-sidebar-layout":"default","site-content-layout":"","ast-site-content-layout":"","site-content-style":"default","site-sidebar-style":"default","ast-global-header-display":"","ast-banner-title-visibility":"","ast-main-header-display":"","ast-hfb-above-header-display":"","ast-hfb-below-header-display":"","ast-hfb-mobile-header-display":"","site-post-title":"","ast-breadcrumbs-content":"","ast-featured-img":"","footer-sml-layout":"","theme-transparent-header-meta":"","adv-header-id-meta":"","stick-header-meta":"","header-above-stick-meta":"","header-main-stick-meta":"","header-below-stick-meta":"","astra-migrate-meta-layouts":"default","ast-page-background-enabled":"default","ast-page-background-meta":{"desktop":{"background-color":"var(--ast-global-color-4)","background-image":"","background-repeat":"repeat","background-position":"center center","background-size":"auto","background-attachment":"scroll","background-type":"","background-media":"","overlay-type":"","overlay-color":"","overlay-opacity":"","overlay-gradient":""},"tablet":{"background-color":"","background-image":"","background-repeat":"repeat","background-position":"center center","background-size":"auto","background-attachment":"scroll","background-type":"","background-media":"","overlay-type":"","overlay-color":"","overlay-opacity":"","overlay-gradient":""},"mobile":{"background-color":"","background-image":"","background-repeat":"repeat","background-position":"center center","background-size":"auto","background-attachment":"scroll","background-type":"","background-media":"","overlay-type":"","overlay-color":"","overlay-opacity":"","overlay-gradient":""}},"ast-content-background-meta":{"desktop":{"background-color":"var(--ast-global-color-5)","background-image":"","background-repeat":"repeat","background-position":"center center","background-size":"auto","background-attachment":"scroll","background-type":"","background-media":"","overlay-type":"","overlay-color":"","overlay-opacity":"","overlay-gradient":""},"tablet":{"background-color":"var(--ast-global-color-5)","background-image":"","background-repeat":"repeat","background-position":"center center","background-size":"auto","background-attachment":"scroll","background-type":"","background-media":"","overlay-type":"","overlay-color":"","overlay-opacity":"","overlay-gradient":""},"mobile":{"background-color":"var(--ast-global-color-5)","background-image":"","background-repeat":"repeat","background-position":"center center","background-size":"auto","background-attachment":"scroll","background-type":"","background-media":"","overlay-type":"","overlay-color":"","overlay-opacity":"","overlay-gradient":""}},"footnotes":""},"categories":[12,13,4,5],"tags":[],"class_list":["post-2115","post","type-post","status-publish","format-standard","has-post-thumbnail","hentry","category-3r","category-4t","category-portada","category-primaria"],"post_mailing_queue_ids":[],"_links":{"self":[{"href":"https:\/\/agora.xtec.cat\/ceipbaltasar\/wp-json\/wp\/v2\/posts\/2115","targetHints":{"allow":["GET"]}}],"collection":[{"href":"https:\/\/agora.xtec.cat\/ceipbaltasar\/wp-json\/wp\/v2\/posts"}],"about":[{"href":"https:\/\/agora.xtec.cat\/ceipbaltasar\/wp-json\/wp\/v2\/types\/post"}],"author":[{"embeddable":true,"href":"https:\/\/agora.xtec.cat\/ceipbaltasar\/wp-json\/wp\/v2\/users\/1"}],"replies":[{"embeddable":true,"href":"https:\/\/agora.xtec.cat\/ceipbaltasar\/wp-json\/wp\/v2\/comments?post=2115"}],"version-history":[{"count":2,"href":"https:\/\/agora.xtec.cat\/ceipbaltasar\/wp-json\/wp\/v2\/posts\/2115\/revisions"}],"predecessor-version":[{"id":2119,"href":"https:\/\/agora.xtec.cat\/ceipbaltasar\/wp-json\/wp\/v2\/posts\/2115\/revisions\/2119"}],"wp:featuredmedia":[{"embeddable":true,"href":"https:\/\/agora.xtec.cat\/ceipbaltasar\/wp-json\/wp\/v2\/media\/2118"}],"wp:attachment":[{"href":"https:\/\/agora.xtec.cat\/ceipbaltasar\/wp-json\/wp\/v2\/media?parent=2115"}],"wp:term":[{"taxonomy":"category","embeddable":true,"href":"https:\/\/agora.xtec.cat\/ceipbaltasar\/wp-json\/wp\/v2\/categories?post=2115"},{"taxonomy":"post_tag","embeddable":true,"href":"https:\/\/agora.xtec.cat\/ceipbaltasar\/wp-json\/wp\/v2\/tags?post=2115"}],"curies":[{"name":"wp","href":"https:\/\/api.w.org\/{rel}","templated":true}]}}