{"id":1235,"date":"2017-10-26T14:03:27","date_gmt":"2017-10-26T12:03:27","guid":{"rendered":"http:\/\/agora.xtec.cat\/ceipbaltasar\/?p=1235"},"modified":"2017-11-05T12:46:29","modified_gmt":"2017-11-05T11:46:29","slug":"reiniciem-els-ambients","status":"publish","type":"post","link":"https:\/\/agora.xtec.cat\/ceipbaltasar\/infantil\/reiniciem-els-ambients\/","title":{"rendered":"Reiniciem els ambients!"},"content":{"rendered":"<p>Ja hem tornat a comen\u00e7ar amb &#8220;ELS AMBIENTS&#8221;. Aquest trimestre podem escollir entre:<a href=\"http:\/\/agora.xtec.cat\/ceipbaltasar\/wp-content\/uploads\/usu989\/2017\/10\/IMG_4027.jpg\"><img loading=\"lazy\" decoding=\"async\" class=\"alignright wp-image-1247\" src=\"http:\/\/agora.xtec.cat\/ceipbaltasar\/wp-content\/uploads\/usu989\/2017\/10\/IMG_4027-300x225.jpg\" alt=\"\" width=\"279\" height=\"210\" srcset=\"https:\/\/agora.xtec.cat\/ceipbaltasar\/wp-content\/uploads\/usu989\/2017\/10\/IMG_4027-300x225.jpg 300w, https:\/\/agora.xtec.cat\/ceipbaltasar\/wp-content\/uploads\/usu989\/2017\/10\/IMG_4027-768x576.jpg 768w, https:\/\/agora.xtec.cat\/ceipbaltasar\/wp-content\/uploads\/usu989\/2017\/10\/IMG_4027-1024x768.jpg 1024w, https:\/\/agora.xtec.cat\/ceipbaltasar\/wp-content\/uploads\/usu989\/2017\/10\/IMG_4027-200x150.jpg 200w, https:\/\/agora.xtec.cat\/ceipbaltasar\/wp-content\/uploads\/usu989\/2017\/10\/IMG_4027.jpg 1600w\" sizes=\"auto, (max-width: 279px) 100vw, 279px\" \/><\/a><\/p>\n<ul style=\"list-style-type: circle;\">\n<li>joc simb\u00f2lic<\/li>\n<li>art i construccions<\/li>\n<li>experimentaci\u00f3<\/li>\n<li>jocs de pati<\/li>\n<li>i ombres i llums<\/li>\n<\/ul>\n<p>&nbsp;<\/p>\n<p style=\"text-align: right;\"><a href=\"http:\/\/photos.app.goo.gl\/k7Dd7JH6zCWzehBs2\">Clica aqu\u00ed per veure les fotos<\/a><\/p>\n<p>Els Baltis m\u00e9s petits de l&#8217;escola alhora que aprenen, gaudeixen molt de les diferents propostes i de poder compartir una estona amb els companys de les altres classes!!<\/p>\n","protected":false},"excerpt":{"rendered":"<p>Ja hem tornat a comen\u00e7ar amb &#8220;ELS AMBIENTS&#8221;. Aquest trimestre podem escollir entre: joc simb\u00f2lic art i construccions experimentaci\u00f3 jocs de pati i ombres i llums &nbsp; Clica aqu\u00ed per veure les fotos Els Baltis m\u00e9s petits de l&#8217;escola alhora que aprenen, gaudeixen molt de les diferents propostes i de poder compartir una estona amb [&hellip;]<\/p>\n","protected":false},"author":1,"featured_media":1247,"comment_status":"open","ping_status":"closed","sticky":false,"template":"","format":"standard","meta":{"_bbp_topic_count":0,"_bbp_reply_count":0,"_bbp_total_topic_count":0,"_bbp_total_reply_count":0,"_bbp_voice_count":0,"_bbp_anonymous_reply_count":0,"_bbp_topic_count_hidden":0,"_bbp_reply_count_hidden":0,"_bbp_forum_subforum_count":0,"site-sidebar-layout":"default","site-content-layout":"","ast-site-content-layout":"","site-content-style":"default","site-sidebar-style":"default","ast-global-header-display":"","ast-banner-title-visibility":"","ast-main-header-display":"","ast-hfb-above-header-display":"","ast-hfb-below-header-display":"","ast-hfb-mobile-header-display":"","site-post-title":"","ast-breadcrumbs-content":"","ast-featured-img":"","footer-sml-layout":"","theme-transparent-header-meta":"","adv-header-id-meta":"","stick-header-meta":"","header-above-stick-meta":"","header-main-stick-meta":"","header-below-stick-meta":"","astra-migrate-meta-layouts":"default","ast-page-background-enabled":"default","ast-page-background-meta":{"desktop":{"background-color":"var(--ast-global-color-4)","background-image":"","background-repeat":"repeat","background-position":"center center","background-size":"auto","background-attachment":"scroll","background-type":"","background-media":"","overlay-type":"","overlay-color":"","overlay-opacity":"","overlay-gradient":""},"tablet":{"background-color":"","background-image":"","background-repeat":"repeat","background-position":"center center","background-size":"auto","background-attachment":"scroll","background-type":"","background-media":"","overlay-type":"","overlay-color":"","overlay-opacity":"","overlay-gradient":""},"mobile":{"background-color":"","background-image":"","background-repeat":"repeat","background-position":"center center","background-size":"auto","background-attachment":"scroll","background-type":"","background-media":"","overlay-type":"","overlay-color":"","overlay-opacity":"","overlay-gradient":""}},"ast-content-background-meta":{"desktop":{"background-color":"var(--ast-global-color-5)","background-image":"","background-repeat":"repeat","background-position":"center center","background-size":"auto","background-attachment":"scroll","background-type":"","background-media":"","overlay-type":"","overlay-color":"","overlay-opacity":"","overlay-gradient":""},"tablet":{"background-color":"var(--ast-global-color-5)","background-image":"","background-repeat":"repeat","background-position":"center center","background-size":"auto","background-attachment":"scroll","background-type":"","background-media":"","overlay-type":"","overlay-color":"","overlay-opacity":"","overlay-gradient":""},"mobile":{"background-color":"var(--ast-global-color-5)","background-image":"","background-repeat":"repeat","background-position":"center center","background-size":"auto","background-attachment":"scroll","background-type":"","background-media":"","overlay-type":"","overlay-color":"","overlay-opacity":"","overlay-gradient":""}},"footnotes":""},"categories":[3,8,9,2],"tags":[119,58,62,80,81],"class_list":["post-1235","post","type-post","status-publish","format-standard","has-post-thumbnail","hentry","category-i3","category-i4","category-i5","category-infantil","tag-ambients","tag-baltasar-segu","tag-educacio-infantil","tag-p3","tag-p4-p5"],"post_mailing_queue_ids":[],"_links":{"self":[{"href":"https:\/\/agora.xtec.cat\/ceipbaltasar\/wp-json\/wp\/v2\/posts\/1235","targetHints":{"allow":["GET"]}}],"collection":[{"href":"https:\/\/agora.xtec.cat\/ceipbaltasar\/wp-json\/wp\/v2\/posts"}],"about":[{"href":"https:\/\/agora.xtec.cat\/ceipbaltasar\/wp-json\/wp\/v2\/types\/post"}],"author":[{"embeddable":true,"href":"https:\/\/agora.xtec.cat\/ceipbaltasar\/wp-json\/wp\/v2\/users\/1"}],"replies":[{"embeddable":true,"href":"https:\/\/agora.xtec.cat\/ceipbaltasar\/wp-json\/wp\/v2\/comments?post=1235"}],"version-history":[{"count":3,"href":"https:\/\/agora.xtec.cat\/ceipbaltasar\/wp-json\/wp\/v2\/posts\/1235\/revisions"}],"predecessor-version":[{"id":1277,"href":"https:\/\/agora.xtec.cat\/ceipbaltasar\/wp-json\/wp\/v2\/posts\/1235\/revisions\/1277"}],"wp:featuredmedia":[{"embeddable":true,"href":"https:\/\/agora.xtec.cat\/ceipbaltasar\/wp-json\/wp\/v2\/media\/1247"}],"wp:attachment":[{"href":"https:\/\/agora.xtec.cat\/ceipbaltasar\/wp-json\/wp\/v2\/media?parent=1235"}],"wp:term":[{"taxonomy":"category","embeddable":true,"href":"https:\/\/agora.xtec.cat\/ceipbaltasar\/wp-json\/wp\/v2\/categories?post=1235"},{"taxonomy":"post_tag","embeddable":true,"href":"https:\/\/agora.xtec.cat\/ceipbaltasar\/wp-json\/wp\/v2\/tags?post=1235"}],"curies":[{"name":"wp","href":"https:\/\/api.w.org\/{rel}","templated":true}]}}