{"id":10773,"date":"2026-04-26T13:17:40","date_gmt":"2026-04-26T11:17:40","guid":{"rendered":"https:\/\/agora.xtec.cat\/ceipbaltasar\/?p=10773"},"modified":"2026-04-26T13:17:40","modified_gmt":"2026-04-26T11:17:40","slug":"nou-projecte-valls-i-lalt-camp","status":"publish","type":"post","link":"https:\/\/agora.xtec.cat\/ceipbaltasar\/general\/nou-projecte-valls-i-lalt-camp\/","title":{"rendered":"Nou projecte: Valls i l\u2019Alt Camp"},"content":{"rendered":"\n<p>Aquests dies hem comen\u00e7at un nou projecte dedicat a con\u00e8ixer millor el nostre entorn m\u00e9s proper: <strong>la comarca de l\u2019Alt Camp i la seva capital, Valls<\/strong>.<\/p>\n\n\n\n<p>Al llarg de les properes setmanes, els 3altis investigaran com \u00e9s la nostra comarca, quins municipis en formen part, com s\u2019organitza i com es viu avui dia. Tamb\u00e9 farem petites mirades al passat per entendre com ha evolucionat.<\/p>\n\n\n\n<p>Treballarem a trav\u00e9s d\u2019activitats variades, combinant moments individuals i de treball en equip, fomentant l\u2019autonomia, la recerca i la cooperaci\u00f3.<\/p>\n\n\n\n<p>Com a producte final, cada grup elaborar\u00e0 un petit projecte per explicar tot all\u00f2 que ha apr\u00e8s.<\/p>\n\n\n\n<p>Podeu seguir el projecte i accedir als materials a trav\u00e9s del Sites: <a href=\"https:\/\/sites.google.com\/elsbaltis.cat\/valls25-26\/benvinguda\">https:\/\/sites.google.com\/elsbaltis.cat\/valls25-26\/benvinguda<\/a><\/p>\n\n\n\n<p>Seguim aprenent a partir del que ens \u00e9s m\u00e9s proper!<\/p>\n\n\n\n<figure class=\"wp-block-image size-full\"><a href=\"https:\/\/sites.google.com\/elsbaltis.cat\/valls25-26\/benvinguda\"><img loading=\"lazy\" decoding=\"async\" width=\"750\" height=\"320\" src=\"https:\/\/agora.xtec.cat\/ceipbaltasar\/wp-content\/uploads\/usu989\/2026\/04\/Valls.jpg\" alt=\"\" class=\"wp-image-10774\" srcset=\"https:\/\/agora.xtec.cat\/ceipbaltasar\/wp-content\/uploads\/usu989\/2026\/04\/Valls.jpg 750w, https:\/\/agora.xtec.cat\/ceipbaltasar\/wp-content\/uploads\/usu989\/2026\/04\/Valls-300x128.jpg 300w\" sizes=\"auto, (max-width: 750px) 100vw, 750px\" \/><\/a><\/figure>\n","protected":false},"excerpt":{"rendered":"<p>Aquests dies hem comen\u00e7at un nou projecte dedicat a con\u00e8ixer millor el nostre entorn m\u00e9s proper: la comarca de l\u2019Alt Camp i la seva capital, Valls. Al llarg de les properes setmanes, els 3altis investigaran com \u00e9s la nostra comarca, quins municipis en formen part, com s\u2019organitza i com es viu avui dia. Tamb\u00e9 farem [&hellip;]<\/p>\n","protected":false},"author":34,"featured_media":0,"comment_status":"open","ping_status":"open","sticky":false,"template":"","format":"standard","meta":{"_bbp_topic_count":0,"_bbp_reply_count":0,"_bbp_total_topic_count":0,"_bbp_total_reply_count":0,"_bbp_voice_count":0,"_bbp_anonymous_reply_count":0,"_bbp_topic_count_hidden":0,"_bbp_reply_count_hidden":0,"_bbp_forum_subforum_count":0,"site-sidebar-layout":"default","site-content-layout":"","ast-site-content-layout":"default","site-content-style":"default","site-sidebar-style":"default","ast-global-header-display":"","ast-banner-title-visibility":"","ast-main-header-display":"","ast-hfb-above-header-display":"","ast-hfb-below-header-display":"","ast-hfb-mobile-header-display":"","site-post-title":"","ast-breadcrumbs-content":"","ast-featured-img":"","footer-sml-layout":"","theme-transparent-header-meta":"","adv-header-id-meta":"","stick-header-meta":"","header-above-stick-meta":"","header-main-stick-meta":"","header-below-stick-meta":"","astra-migrate-meta-layouts":"set","ast-page-background-enabled":"default","ast-page-background-meta":{"desktop":{"background-color":"var(--ast-global-color-4)","background-image":"","background-repeat":"repeat","background-position":"center center","background-size":"auto","background-attachment":"scroll","background-type":"","background-media":"","overlay-type":"","overlay-color":"","overlay-opacity":"","overlay-gradient":""},"tablet":{"background-color":"","background-image":"","background-repeat":"repeat","background-position":"center center","background-size":"auto","background-attachment":"scroll","background-type":"","background-media":"","overlay-type":"","overlay-color":"","overlay-opacity":"","overlay-gradient":""},"mobile":{"background-color":"","background-image":"","background-repeat":"repeat","background-position":"center center","background-size":"auto","background-attachment":"scroll","background-type":"","background-media":"","overlay-type":"","overlay-color":"","overlay-opacity":"","overlay-gradient":""}},"ast-content-background-meta":{"desktop":{"background-color":"var(--ast-global-color-5)","background-image":"","background-repeat":"repeat","background-position":"center center","background-size":"auto","background-attachment":"scroll","background-type":"","background-media":"","overlay-type":"","overlay-color":"","overlay-opacity":"","overlay-gradient":""},"tablet":{"background-color":"var(--ast-global-color-5)","background-image":"","background-repeat":"repeat","background-position":"center center","background-size":"auto","background-attachment":"scroll","background-type":"","background-media":"","overlay-type":"","overlay-color":"","overlay-opacity":"","overlay-gradient":""},"mobile":{"background-color":"var(--ast-global-color-5)","background-image":"","background-repeat":"repeat","background-position":"center center","background-size":"auto","background-attachment":"scroll","background-type":"","background-media":"","overlay-type":"","overlay-color":"","overlay-opacity":"","overlay-gradient":""}},"footnotes":""},"categories":[12,328,1,5],"tags":[97,90],"class_list":["post-10773","post","type-post","status-publish","format-standard","hentry","category-3r","category-comunitat-de-mitjans","category-general","category-primaria","tag-3r","tag-serbaltimolamolt"],"post_mailing_queue_ids":[],"_links":{"self":[{"href":"https:\/\/agora.xtec.cat\/ceipbaltasar\/wp-json\/wp\/v2\/posts\/10773","targetHints":{"allow":["GET"]}}],"collection":[{"href":"https:\/\/agora.xtec.cat\/ceipbaltasar\/wp-json\/wp\/v2\/posts"}],"about":[{"href":"https:\/\/agora.xtec.cat\/ceipbaltasar\/wp-json\/wp\/v2\/types\/post"}],"author":[{"embeddable":true,"href":"https:\/\/agora.xtec.cat\/ceipbaltasar\/wp-json\/wp\/v2\/users\/34"}],"replies":[{"embeddable":true,"href":"https:\/\/agora.xtec.cat\/ceipbaltasar\/wp-json\/wp\/v2\/comments?post=10773"}],"version-history":[{"count":1,"href":"https:\/\/agora.xtec.cat\/ceipbaltasar\/wp-json\/wp\/v2\/posts\/10773\/revisions"}],"predecessor-version":[{"id":10775,"href":"https:\/\/agora.xtec.cat\/ceipbaltasar\/wp-json\/wp\/v2\/posts\/10773\/revisions\/10775"}],"wp:attachment":[{"href":"https:\/\/agora.xtec.cat\/ceipbaltasar\/wp-json\/wp\/v2\/media?parent=10773"}],"wp:term":[{"taxonomy":"category","embeddable":true,"href":"https:\/\/agora.xtec.cat\/ceipbaltasar\/wp-json\/wp\/v2\/categories?post=10773"},{"taxonomy":"post_tag","embeddable":true,"href":"https:\/\/agora.xtec.cat\/ceipbaltasar\/wp-json\/wp\/v2\/tags?post=10773"}],"curies":[{"name":"wp","href":"https:\/\/api.w.org\/{rel}","templated":true}]}}