{"id":10707,"date":"2026-03-27T16:42:06","date_gmt":"2026-03-27T15:42:06","guid":{"rendered":"https:\/\/agora.xtec.cat\/ceipbaltasar\/?p=10707"},"modified":"2026-03-31T17:19:31","modified_gmt":"2026-03-31T15:19:31","slug":"els-baltis-di5-treballem-la-creativitat-sota-el-titol-crea-mes-enlla-del-que-veus","status":"publish","type":"post","link":"https:\/\/agora.xtec.cat\/ceipbaltasar\/infantil\/els-baltis-di5-treballem-la-creativitat-sota-el-titol-crea-mes-enlla-del-que-veus\/","title":{"rendered":"Els Baltis d&#8217;I5 treballem la creativitat sota el t\u00edtol: &#8220;Crea m\u00e9s enll\u00e0 del que veus&#8230;&#8221;"},"content":{"rendered":"\n<p>A la classe d&#8217;I5 dels <strong>Baltis<\/strong>, hem viscut una sessi\u00f3 d&#8217;all\u00f2 m\u00e9s especial on la imaginaci\u00f3 ha estat la protagonista absoluta. Amb les notes de la <strong>m\u00fasica cl\u00e0ssica<\/strong> omplint l&#8217;aula i creant un clima de calma i concentraci\u00f3, ens hem enfrontat a un repte creatiu fascinant<\/p>\n\n\n\n<h3 class=\"wp-block-heading\">El repte: Crea m\u00e9s enll\u00e0 del que veus&#8230;<\/h3>\n\n\n\n<p>Tot ha comen\u00e7at amb un full en blanc i unes formes misterioses&#8230; Semblaven uns ulls molt rodons? O potser eren les rodes d&#8217;un cotxe? O els p\u00e8tals d&#8217;una flor gegant? <\/p>\n\n\n\n<p>Hem  disposat d&#8217;un temps per deixar anar la m\u00e0 i el cor, completant el dibuix segons el que la nostra pr\u00f2pia mirada ens dictava. L&#8217;objectiu no era fer un dibuix &#8220;perfecte&#8221;, sin\u00f3 un dibuix <strong>\u00fanic<\/strong>.<\/p>\n\n\n\n<h3 class=\"wp-block-heading\">Aquesta activitat ens ha servit per treballar valors fonamentals per al nostre creixement, m\u00e9s enll\u00e0 de colors i tra\u00e7os:<\/h3>\n\n\n\n<p> Hem apr\u00e8s a no fixar-nos en el que feia el ve\u00ed o la ve\u00efna, confiant en la nostra pr\u00f2pia espurna creativa. <\/p>\n\n\n\n<p>Hem descobert que no tot \u00e9s el que sembla a primera vista i que, davant d&#8217;una mateixa forma, hi ha tantes versions v\u00e0lides com nens i nenes a la classe.<\/p>\n\n\n\n<p>Els Baltis sabem que en l&#8217;art no hi ha respostes correctes o incorrectes, nom\u00e9s maneres diferents de veure el m\u00f3n.<\/p>\n\n\n\n<figure class=\"wp-block-gallery has-nested-images columns-default is-cropped wp-block-gallery-1 is-layout-flex wp-block-gallery-is-layout-flex\">\n<figure class=\"wp-block-image size-large\"><a href=\"https:\/\/agora.xtec.cat\/ceipbaltasar\/wp-content\/uploads\/usu989\/2026\/03\/res-es-el-que-sembla-.jpg\"><img loading=\"lazy\" decoding=\"async\" width=\"1024\" height=\"726\" data-id=\"10709\" src=\"https:\/\/agora.xtec.cat\/ceipbaltasar\/wp-content\/uploads\/usu989\/2026\/03\/res-es-el-que-sembla--1024x726.jpg\" alt=\"\" class=\"wp-image-10709\" srcset=\"https:\/\/agora.xtec.cat\/ceipbaltasar\/wp-content\/uploads\/usu989\/2026\/03\/res-es-el-que-sembla--1024x726.jpg 1024w, https:\/\/agora.xtec.cat\/ceipbaltasar\/wp-content\/uploads\/usu989\/2026\/03\/res-es-el-que-sembla--300x213.jpg 300w, https:\/\/agora.xtec.cat\/ceipbaltasar\/wp-content\/uploads\/usu989\/2026\/03\/res-es-el-que-sembla--768x545.jpg 768w, https:\/\/agora.xtec.cat\/ceipbaltasar\/wp-content\/uploads\/usu989\/2026\/03\/res-es-el-que-sembla--1536x1090.jpg 1536w, https:\/\/agora.xtec.cat\/ceipbaltasar\/wp-content\/uploads\/usu989\/2026\/03\/res-es-el-que-sembla-.jpg 1748w\" sizes=\"auto, (max-width: 1024px) 100vw, 1024px\" \/><\/a><\/figure>\n\n\n\n<figure class=\"wp-block-image size-large\"><a href=\"https:\/\/agora.xtec.cat\/ceipbaltasar\/wp-content\/uploads\/usu989\/2026\/03\/res-es-el-que-sembla.jpg\"><img loading=\"lazy\" decoding=\"async\" width=\"1024\" height=\"726\" data-id=\"10708\" src=\"https:\/\/agora.xtec.cat\/ceipbaltasar\/wp-content\/uploads\/usu989\/2026\/03\/res-es-el-que-sembla-1024x726.jpg\" alt=\"\" class=\"wp-image-10708\" srcset=\"https:\/\/agora.xtec.cat\/ceipbaltasar\/wp-content\/uploads\/usu989\/2026\/03\/res-es-el-que-sembla-1024x726.jpg 1024w, https:\/\/agora.xtec.cat\/ceipbaltasar\/wp-content\/uploads\/usu989\/2026\/03\/res-es-el-que-sembla-300x213.jpg 300w, https:\/\/agora.xtec.cat\/ceipbaltasar\/wp-content\/uploads\/usu989\/2026\/03\/res-es-el-que-sembla-768x545.jpg 768w, https:\/\/agora.xtec.cat\/ceipbaltasar\/wp-content\/uploads\/usu989\/2026\/03\/res-es-el-que-sembla-1536x1090.jpg 1536w, https:\/\/agora.xtec.cat\/ceipbaltasar\/wp-content\/uploads\/usu989\/2026\/03\/res-es-el-que-sembla.jpg 1748w\" sizes=\"auto, (max-width: 1024px) 100vw, 1024px\" \/><\/a><\/figure>\n<\/figure>\n\n\n\n<p><\/p>\n","protected":false},"excerpt":{"rendered":"<p>A la classe d&#8217;I5 dels Baltis, hem viscut una sessi\u00f3 d&#8217;all\u00f2 m\u00e9s especial on la imaginaci\u00f3 ha estat la protagonista absoluta. Amb les notes de la m\u00fasica cl\u00e0ssica omplint l&#8217;aula i creant un clima de calma i concentraci\u00f3, ens hem enfrontat a un repte creatiu fascinant El repte: Crea m\u00e9s enll\u00e0 del que veus&#8230; Tot [&hellip;]<\/p>\n","protected":false},"author":17,"featured_media":10710,"comment_status":"open","ping_status":"open","sticky":false,"template":"","format":"standard","meta":{"_bbp_topic_count":0,"_bbp_reply_count":0,"_bbp_total_topic_count":0,"_bbp_total_reply_count":0,"_bbp_voice_count":0,"_bbp_anonymous_reply_count":0,"_bbp_topic_count_hidden":0,"_bbp_reply_count_hidden":0,"_bbp_forum_subforum_count":0,"site-sidebar-layout":"default","site-content-layout":"","ast-site-content-layout":"default","site-content-style":"default","site-sidebar-style":"default","ast-global-header-display":"","ast-banner-title-visibility":"","ast-main-header-display":"","ast-hfb-above-header-display":"","ast-hfb-below-header-display":"","ast-hfb-mobile-header-display":"","site-post-title":"","ast-breadcrumbs-content":"","ast-featured-img":"","footer-sml-layout":"","theme-transparent-header-meta":"","adv-header-id-meta":"","stick-header-meta":"","header-above-stick-meta":"","header-main-stick-meta":"","header-below-stick-meta":"","astra-migrate-meta-layouts":"set","ast-page-background-enabled":"default","ast-page-background-meta":{"desktop":{"background-color":"var(--ast-global-color-4)","background-image":"","background-repeat":"repeat","background-position":"center center","background-size":"auto","background-attachment":"scroll","background-type":"","background-media":"","overlay-type":"","overlay-color":"","overlay-opacity":"","overlay-gradient":""},"tablet":{"background-color":"","background-image":"","background-repeat":"repeat","background-position":"center center","background-size":"auto","background-attachment":"scroll","background-type":"","background-media":"","overlay-type":"","overlay-color":"","overlay-opacity":"","overlay-gradient":""},"mobile":{"background-color":"","background-image":"","background-repeat":"repeat","background-position":"center center","background-size":"auto","background-attachment":"scroll","background-type":"","background-media":"","overlay-type":"","overlay-color":"","overlay-opacity":"","overlay-gradient":""}},"ast-content-background-meta":{"desktop":{"background-color":"var(--ast-global-color-5)","background-image":"","background-repeat":"repeat","background-position":"center center","background-size":"auto","background-attachment":"scroll","background-type":"","background-media":"","overlay-type":"","overlay-color":"","overlay-opacity":"","overlay-gradient":""},"tablet":{"background-color":"var(--ast-global-color-5)","background-image":"","background-repeat":"repeat","background-position":"center center","background-size":"auto","background-attachment":"scroll","background-type":"","background-media":"","overlay-type":"","overlay-color":"","overlay-opacity":"","overlay-gradient":""},"mobile":{"background-color":"var(--ast-global-color-5)","background-image":"","background-repeat":"repeat","background-position":"center center","background-size":"auto","background-attachment":"scroll","background-type":"","background-media":"","overlay-type":"","overlay-color":"","overlay-opacity":"","overlay-gradient":""}},"footnotes":""},"categories":[329,9,2,4],"tags":[],"class_list":["post-10707","post","type-post","status-publish","format-standard","has-post-thumbnail","hentry","category-comunitat-de-petits","category-i5","category-infantil","category-portada"],"post_mailing_queue_ids":[],"_links":{"self":[{"href":"https:\/\/agora.xtec.cat\/ceipbaltasar\/wp-json\/wp\/v2\/posts\/10707","targetHints":{"allow":["GET"]}}],"collection":[{"href":"https:\/\/agora.xtec.cat\/ceipbaltasar\/wp-json\/wp\/v2\/posts"}],"about":[{"href":"https:\/\/agora.xtec.cat\/ceipbaltasar\/wp-json\/wp\/v2\/types\/post"}],"author":[{"embeddable":true,"href":"https:\/\/agora.xtec.cat\/ceipbaltasar\/wp-json\/wp\/v2\/users\/17"}],"replies":[{"embeddable":true,"href":"https:\/\/agora.xtec.cat\/ceipbaltasar\/wp-json\/wp\/v2\/comments?post=10707"}],"version-history":[{"count":1,"href":"https:\/\/agora.xtec.cat\/ceipbaltasar\/wp-json\/wp\/v2\/posts\/10707\/revisions"}],"predecessor-version":[{"id":10711,"href":"https:\/\/agora.xtec.cat\/ceipbaltasar\/wp-json\/wp\/v2\/posts\/10707\/revisions\/10711"}],"wp:featuredmedia":[{"embeddable":true,"href":"https:\/\/agora.xtec.cat\/ceipbaltasar\/wp-json\/wp\/v2\/media\/10710"}],"wp:attachment":[{"href":"https:\/\/agora.xtec.cat\/ceipbaltasar\/wp-json\/wp\/v2\/media?parent=10707"}],"wp:term":[{"taxonomy":"category","embeddable":true,"href":"https:\/\/agora.xtec.cat\/ceipbaltasar\/wp-json\/wp\/v2\/categories?post=10707"},{"taxonomy":"post_tag","embeddable":true,"href":"https:\/\/agora.xtec.cat\/ceipbaltasar\/wp-json\/wp\/v2\/tags?post=10707"}],"curies":[{"name":"wp","href":"https:\/\/api.w.org\/{rel}","templated":true}]}}