{"id":1017,"date":"2017-05-29T11:06:05","date_gmt":"2017-05-29T09:06:05","guid":{"rendered":"http:\/\/agora.xtec.cat\/ceipbaltasar\/?p=1017"},"modified":"2017-06-19T15:08:01","modified_gmt":"2017-06-19T13:08:01","slug":"baltifesta","status":"publish","type":"post","link":"https:\/\/agora.xtec.cat\/ceipbaltasar\/infantil\/baltifesta\/","title":{"rendered":"Baltifesta!"},"content":{"rendered":"<p>Aquest cap de setmana vam celebrar la nostra Baltifesta que com cada any va comen\u00e7ar amb el festival de l&#8217;escola, divendres a la tarda. Els Baltis des de P3 fins a 6\u00e8 ens van fer un tast dels pa\u00efssos que han estat treballant durant aquest curs. Des de M\u00e8xic al Jap\u00f2, passant per Isl\u00e0ndia, vam poder veure danses tradicionals, narracions i fins i tot un espectacle d&#8217;acrosport! Va ser molt divertit i ens ho vam passar d&#8217;all\u00f2 m\u00e9s b\u00e9! Per acabar l&#8217;acte es van lliurar les orles als alumnes de 6\u00e8.<\/p>\n<p>A la nit, la festa va continuar amb un sopar de motxilla a l&#8217;escola i una sessi\u00f3 de cinema a la fresca. Finalment dissabte, tot i la pluja, vam celebrar el tradicional dinar de germanor.<\/p>\n<p>A continuaci\u00f3 podeu veure un recull de fotos dels diferents actes i, properament penjarem al web els videos de les actuacions.<\/p>\n<figure id=\"attachment_1036\" aria-describedby=\"caption-attachment-1036\" style=\"width: 1024px\" class=\"wp-caption aligncenter\"><a href=\"https:\/\/goo.gl\/photos\/3A7yaXWcDXAz4Zo79\"><img loading=\"lazy\" decoding=\"async\" class=\"wp-image-1036 size-large\" src=\"http:\/\/agora.xtec.cat\/ceipbaltasar\/wp-content\/uploads\/usu989\/2017\/05\/WhatsApp-Image-2017-06-05-at-12.22.45-1024x768.jpeg\" width=\"1024\" height=\"768\" srcset=\"https:\/\/agora.xtec.cat\/ceipbaltasar\/wp-content\/uploads\/usu989\/2017\/05\/WhatsApp-Image-2017-06-05-at-12.22.45-1024x768.jpeg 1024w, https:\/\/agora.xtec.cat\/ceipbaltasar\/wp-content\/uploads\/usu989\/2017\/05\/WhatsApp-Image-2017-06-05-at-12.22.45-300x225.jpeg 300w, https:\/\/agora.xtec.cat\/ceipbaltasar\/wp-content\/uploads\/usu989\/2017\/05\/WhatsApp-Image-2017-06-05-at-12.22.45-768x576.jpeg 768w, https:\/\/agora.xtec.cat\/ceipbaltasar\/wp-content\/uploads\/usu989\/2017\/05\/WhatsApp-Image-2017-06-05-at-12.22.45-200x150.jpeg 200w, https:\/\/agora.xtec.cat\/ceipbaltasar\/wp-content\/uploads\/usu989\/2017\/05\/WhatsApp-Image-2017-06-05-at-12.22.45.jpeg 1600w\" sizes=\"auto, (max-width: 1024px) 100vw, 1024px\" \/><\/a><figcaption id=\"caption-attachment-1036\" class=\"wp-caption-text\">Clica a la imatge per accedir a l&#8217;\u00e0lbum complet<\/figcaption><\/figure>\n","protected":false},"excerpt":{"rendered":"<p>Aquest cap de setmana vam celebrar la nostra Baltifesta que com cada any va comen\u00e7ar amb el festival de l&#8217;escola, divendres a la tarda. Els Baltis des de P3 fins a 6\u00e8 ens van fer un tast dels pa\u00efssos que han estat treballant durant aquest curs. Des de M\u00e8xic al Jap\u00f2, passant per Isl\u00e0ndia, vam [&hellip;]<\/p>\n","protected":false},"author":1,"featured_media":1018,"comment_status":"open","ping_status":"closed","sticky":false,"template":"","format":"standard","meta":{"_bbp_topic_count":0,"_bbp_reply_count":0,"_bbp_total_topic_count":0,"_bbp_total_reply_count":0,"_bbp_voice_count":0,"_bbp_anonymous_reply_count":0,"_bbp_topic_count_hidden":0,"_bbp_reply_count_hidden":0,"_bbp_forum_subforum_count":0,"site-sidebar-layout":"default","site-content-layout":"","ast-site-content-layout":"","site-content-style":"default","site-sidebar-style":"default","ast-global-header-display":"","ast-banner-title-visibility":"","ast-main-header-display":"","ast-hfb-above-header-display":"","ast-hfb-below-header-display":"","ast-hfb-mobile-header-display":"","site-post-title":"","ast-breadcrumbs-content":"","ast-featured-img":"","footer-sml-layout":"","theme-transparent-header-meta":"","adv-header-id-meta":"","stick-header-meta":"","header-above-stick-meta":"","header-main-stick-meta":"","header-below-stick-meta":"","astra-migrate-meta-layouts":"default","ast-page-background-enabled":"default","ast-page-background-meta":{"desktop":{"background-color":"var(--ast-global-color-4)","background-image":"","background-repeat":"repeat","background-position":"center center","background-size":"auto","background-attachment":"scroll","background-type":"","background-media":"","overlay-type":"","overlay-color":"","overlay-opacity":"","overlay-gradient":""},"tablet":{"background-color":"","background-image":"","background-repeat":"repeat","background-position":"center center","background-size":"auto","background-attachment":"scroll","background-type":"","background-media":"","overlay-type":"","overlay-color":"","overlay-opacity":"","overlay-gradient":""},"mobile":{"background-color":"","background-image":"","background-repeat":"repeat","background-position":"center center","background-size":"auto","background-attachment":"scroll","background-type":"","background-media":"","overlay-type":"","overlay-color":"","overlay-opacity":"","overlay-gradient":""}},"ast-content-background-meta":{"desktop":{"background-color":"var(--ast-global-color-5)","background-image":"","background-repeat":"repeat","background-position":"center center","background-size":"auto","background-attachment":"scroll","background-type":"","background-media":"","overlay-type":"","overlay-color":"","overlay-opacity":"","overlay-gradient":""},"tablet":{"background-color":"var(--ast-global-color-5)","background-image":"","background-repeat":"repeat","background-position":"center center","background-size":"auto","background-attachment":"scroll","background-type":"","background-media":"","overlay-type":"","overlay-color":"","overlay-opacity":"","overlay-gradient":""},"mobile":{"background-color":"var(--ast-global-color-5)","background-image":"","background-repeat":"repeat","background-position":"center center","background-size":"auto","background-attachment":"scroll","background-type":"","background-media":"","overlay-type":"","overlay-color":"","overlay-opacity":"","overlay-gradient":""}},"footnotes":""},"categories":[10,11,12,13,14,15,3,8,9,2,78,4,5],"tags":[],"class_list":["post-1017","post","type-post","status-publish","format-standard","has-post-thumbnail","hentry","category-1r","category-2n","category-3r","category-4t","category-5e","category-6e","category-i3","category-i4","category-i5","category-infantil","category-musica","category-portada","category-primaria"],"post_mailing_queue_ids":[],"_links":{"self":[{"href":"https:\/\/agora.xtec.cat\/ceipbaltasar\/wp-json\/wp\/v2\/posts\/1017","targetHints":{"allow":["GET"]}}],"collection":[{"href":"https:\/\/agora.xtec.cat\/ceipbaltasar\/wp-json\/wp\/v2\/posts"}],"about":[{"href":"https:\/\/agora.xtec.cat\/ceipbaltasar\/wp-json\/wp\/v2\/types\/post"}],"author":[{"embeddable":true,"href":"https:\/\/agora.xtec.cat\/ceipbaltasar\/wp-json\/wp\/v2\/users\/1"}],"replies":[{"embeddable":true,"href":"https:\/\/agora.xtec.cat\/ceipbaltasar\/wp-json\/wp\/v2\/comments?post=1017"}],"version-history":[{"count":3,"href":"https:\/\/agora.xtec.cat\/ceipbaltasar\/wp-json\/wp\/v2\/posts\/1017\/revisions"}],"predecessor-version":[{"id":1037,"href":"https:\/\/agora.xtec.cat\/ceipbaltasar\/wp-json\/wp\/v2\/posts\/1017\/revisions\/1037"}],"wp:featuredmedia":[{"embeddable":true,"href":"https:\/\/agora.xtec.cat\/ceipbaltasar\/wp-json\/wp\/v2\/media\/1018"}],"wp:attachment":[{"href":"https:\/\/agora.xtec.cat\/ceipbaltasar\/wp-json\/wp\/v2\/media?parent=1017"}],"wp:term":[{"taxonomy":"category","embeddable":true,"href":"https:\/\/agora.xtec.cat\/ceipbaltasar\/wp-json\/wp\/v2\/categories?post=1017"},{"taxonomy":"post_tag","embeddable":true,"href":"https:\/\/agora.xtec.cat\/ceipbaltasar\/wp-json\/wp\/v2\/tags?post=1017"}],"curies":[{"name":"wp","href":"https:\/\/api.w.org\/{rel}","templated":true}]}}