{"id":977,"date":"2019-05-29T12:24:58","date_gmt":"2019-05-29T10:24:58","guid":{"rendered":"http:\/\/agora.xtec.cat\/ceipbalmes\/?p=977"},"modified":"2019-05-29T12:24:58","modified_gmt":"2019-05-29T10:24:58","slug":"casal-destiu-2019","status":"publish","type":"post","link":"https:\/\/agora.xtec.cat\/ceipbalmes\/general\/casal-destiu-2019\/","title":{"rendered":"CASAL D&#8217;ESTIU 2019"},"content":{"rendered":"<p>Aquest estiu l\u2019eix d\u2019animaci\u00f3 del Casal girar\u00e0 al voltant de la figura de <strong>Leonardo Da Vinci<\/strong>, ja que aquest any es commemora el 500 aniversari de la seva mort<b>.<\/b> Cada setmana es treballar\u00e0 una disciplina art\u00edstica dife\u00adrent a trav\u00e9s de jocs, gimcanes, tallers, sortides a l\u2019entorn i activitats d\u2019aigua. Una nit els m\u00e9s grans del casal tamb\u00e9 faran bivac a l\u2019escola!<\/p>\n<p>Durant el Casal l\u2019hora d\u2019entrada del servei despertador s\u2019amplia de les 7.45 a les 8.00 hores.<\/p>\n<p>Com a novetat aquest any tamb\u00e9 s\u2019incorpora un 6\u00e8 torn, oferint la possibilitat de fer Casal del <strong>2 al 10 de setembre<\/strong>. Aquest 6\u00e8 torn es far\u00e0 en el cas que hi hagi un m\u00ednim de persones inscrites. Aquelles fam\u00edlies que hi esteu interessades <strong>cal que ho marqueu en el full d\u2019inscripci\u00f3<\/strong>, per\u00f2 el pagament d\u2019aquest torn es far\u00e0 la primera setmana del mes de juliol.<\/p>\n<p>El Casal d\u2019estiu s\u2019organitza des de l\u2019AFA de l\u2019escola Jaume Balmes, amb el suport de l\u2019\u00c0rea d\u2019inf\u00e0ncia i joventut de l\u2019Ajuntament de Castellbell i el Vilar. Per a qualsevol dubte sobre el casal podeu adre\u00e7ar-vos a l\u2019\u00e0rea de joventut de l\u2019Ajuntament al 93 834 03 50 o b\u00e9 a\u00a0<a href=\"mailto:casasbs@diba.cat\" target=\"_blank\" rel=\"noopener noreferrer\">casasbs@diba.cat<\/a><\/p>\n<p style=\"font-weight: 400;\">Per tal de fer la inscripci\u00f3 al <strong>Casal d&#8217;Estiu<\/strong> cal que us adreceu a l\u2019Ajuntament de Castellbell i el Vilar. Teniu temps fins el <strong>dilluns 3 de juny.<\/strong><\/p>\n<p style=\"font-weight: 400;\"><a href=\"https:\/\/agora.xtec.cat\/ceipbalmes\/wp-content\/uploads\/usu527\/2019\/05\/cartell-casal-estiu-2019.jpg\"><img loading=\"lazy\" decoding=\"async\" class=\"size-large wp-image-978 aligncenter\" src=\"https:\/\/agora.xtec.cat\/ceipbalmes\/wp-content\/uploads\/usu527\/2019\/05\/cartell-casal-estiu-2019-723x1024.jpg\" alt=\"\" width=\"723\" height=\"1024\" srcset=\"https:\/\/agora.xtec.cat\/ceipbalmes\/wp-content\/uploads\/usu527\/2019\/05\/cartell-casal-estiu-2019-723x1024.jpg 723w, https:\/\/agora.xtec.cat\/ceipbalmes\/wp-content\/uploads\/usu527\/2019\/05\/cartell-casal-estiu-2019-212x300.jpg 212w, https:\/\/agora.xtec.cat\/ceipbalmes\/wp-content\/uploads\/usu527\/2019\/05\/cartell-casal-estiu-2019-768x1087.jpg 768w, https:\/\/agora.xtec.cat\/ceipbalmes\/wp-content\/uploads\/usu527\/2019\/05\/cartell-casal-estiu-2019.jpg 1580w\" sizes=\"auto, (max-width: 723px) 100vw, 723px\" \/><\/a><\/p>\n<p style=\"font-weight: 400;\"><em><u>Horaris d&#8217;inscripci\u00f3:<\/u><\/em><\/p>\n<p style=\"font-weight: 400;\">\u00a0\u00a0\u00a0De dilluns a divendres de les 9h. a les 14h.<\/p>\n<p style=\"font-weight: 400;\">\u00a0\u00a0\u00a0Dilluns de les 15,30 a 18,30h.<\/p>\n<p style=\"font-weight: 400;\"><em><u>Tel\u00e8fon <\/u>:<\/em>\u00a0938340350<\/p>\n<p style=\"font-weight: 400;\">En el cas que tingueu alguna dificultat per tal de fer la inscripci\u00f3 presencialment , podeu fer arribar un correu electr\u00f2nic i la documentaci\u00f3 escanejada a\u00a0<a href=\"mailto:casasbs@diba.cat\">casasbs@diba.cat<\/a><\/p>\n<p style=\"font-weight: 400;\">La documentaci\u00f3 del casal d\u2019estiu la podeu descarregar a:<\/p>\n<p style=\"font-weight: 400;\">\u00a0<a href=\"http:\/\/www.castellbellielvilar.cat\/actualitat\/noticies\/comencen-les-inscripcions-per-al-casal-destiu-.html\" data-saferedirecturl=\"https:\/\/www.google.com\/url?q=http:\/\/www.castellbellielvilar.cat\/actualitat\/noticies\/comencen-les-inscripcions-per-al-casal-destiu-.html&amp;source=gmail&amp;ust=1559210495831000&amp;usg=AFQjCNGIo2WDQnR41R9P7MGbak6L0PQO2w\">http:\/\/www.castellbellielvilar.cat\/actualitat\/noticies\/comencen-les-inscripcions-per-al-casal-destiu-.html<\/a><\/p>\n","protected":false},"excerpt":{"rendered":"<p>Aquest estiu l\u2019eix d\u2019animaci\u00f3 del Casal girar\u00e0 al voltant de la figura de Leonardo Da Vinci, ja que aquest any es commemora el 500 aniversari de la seva mort. Cada setmana es treballar\u00e0 una disciplina art\u00edstica dife\u00adrent a trav\u00e9s de jocs, gimcanes, tallers, sortides a&hellip;  <a href=\"https:\/\/agora.xtec.cat\/ceipbalmes\/general\/casal-destiu-2019\/\" title=\"Read CASAL D&#8217;ESTIU 2019\">Llegeix m\u00e9s\u00bb<\/a><\/p>\n","protected":false},"author":1,"featured_media":978,"comment_status":"open","ping_status":"closed","sticky":false,"template":"","format":"standard","meta":{"_bbp_topic_count":0,"_bbp_reply_count":0,"_bbp_total_topic_count":0,"_bbp_total_reply_count":0,"_bbp_voice_count":0,"_bbp_anonymous_reply_count":0,"_bbp_topic_count_hidden":0,"_bbp_reply_count_hidden":0,"_bbp_forum_subforum_count":0,"footnotes":""},"categories":[7,1],"tags":[],"class_list":["post-977","post","type-post","status-publish","format-standard","has-post-thumbnail","hentry","category-afa","category-general"],"post_mailing_queue_ids":[],"_links":{"self":[{"href":"https:\/\/agora.xtec.cat\/ceipbalmes\/wp-json\/wp\/v2\/posts\/977","targetHints":{"allow":["GET"]}}],"collection":[{"href":"https:\/\/agora.xtec.cat\/ceipbalmes\/wp-json\/wp\/v2\/posts"}],"about":[{"href":"https:\/\/agora.xtec.cat\/ceipbalmes\/wp-json\/wp\/v2\/types\/post"}],"author":[{"embeddable":true,"href":"https:\/\/agora.xtec.cat\/ceipbalmes\/wp-json\/wp\/v2\/users\/1"}],"replies":[{"embeddable":true,"href":"https:\/\/agora.xtec.cat\/ceipbalmes\/wp-json\/wp\/v2\/comments?post=977"}],"version-history":[{"count":3,"href":"https:\/\/agora.xtec.cat\/ceipbalmes\/wp-json\/wp\/v2\/posts\/977\/revisions"}],"predecessor-version":[{"id":981,"href":"https:\/\/agora.xtec.cat\/ceipbalmes\/wp-json\/wp\/v2\/posts\/977\/revisions\/981"}],"wp:featuredmedia":[{"embeddable":true,"href":"https:\/\/agora.xtec.cat\/ceipbalmes\/wp-json\/wp\/v2\/media\/978"}],"wp:attachment":[{"href":"https:\/\/agora.xtec.cat\/ceipbalmes\/wp-json\/wp\/v2\/media?parent=977"}],"wp:term":[{"taxonomy":"category","embeddable":true,"href":"https:\/\/agora.xtec.cat\/ceipbalmes\/wp-json\/wp\/v2\/categories?post=977"},{"taxonomy":"post_tag","embeddable":true,"href":"https:\/\/agora.xtec.cat\/ceipbalmes\/wp-json\/wp\/v2\/tags?post=977"}],"curies":[{"name":"wp","href":"https:\/\/api.w.org\/{rel}","templated":true}]}}