{"id":959,"date":"2019-03-22T13:35:28","date_gmt":"2019-03-22T12:35:28","guid":{"rendered":"http:\/\/agora.xtec.cat\/ceipbalmes\/?p=959"},"modified":"2019-03-22T13:35:28","modified_gmt":"2019-03-22T12:35:28","slug":"preinscripcions-i-matricula-curs-2019-2020","status":"publish","type":"post","link":"https:\/\/agora.xtec.cat\/ceipbalmes\/general\/preinscripcions-i-matricula-curs-2019-2020\/","title":{"rendered":"PREINSCRIPCIONS i MATR\u00cdCULA curs 2019-2020"},"content":{"rendered":"<p><a href=\"https:\/\/agora.xtec.cat\/ceipbalmes\/wp-content\/uploads\/usu527\/2014\/09\/educacio.jpg\"><img loading=\"lazy\" decoding=\"async\" class=\"aligncenter wp-image-836 size-large\" src=\"https:\/\/agora.xtec.cat\/ceipbalmes\/wp-content\/uploads\/usu527\/2014\/09\/educacio-1024x724.jpg\" alt=\"\" width=\"1024\" height=\"724\" srcset=\"https:\/\/agora.xtec.cat\/ceipbalmes\/wp-content\/uploads\/usu527\/2014\/09\/educacio-1024x724.jpg 1024w, https:\/\/agora.xtec.cat\/ceipbalmes\/wp-content\/uploads\/usu527\/2014\/09\/educacio-300x212.jpg 300w, https:\/\/agora.xtec.cat\/ceipbalmes\/wp-content\/uploads\/usu527\/2014\/09\/educacio-768x543.jpg 768w, https:\/\/agora.xtec.cat\/ceipbalmes\/wp-content\/uploads\/usu527\/2014\/09\/educacio.jpg 1600w\" sizes=\"auto, (max-width: 1024px) 100vw, 1024px\" \/><\/a>Abans de fer la\u00a0matr\u00edcula, per accedir al primer curs del segon cicle de l&#8217;educaci\u00f3 infantil (P-3) o per ser adm\u00e8s per primera vegada en un centre, en primer lloc cal fer la\u00a0<strong>preinscripci\u00f3<\/strong>, \u00e9s a dir, presentar la\u00a0sol\u00b7licitud d&#8217;admissi\u00f3 al\u00a0centre. El per\u00edode per a presentar els documents va <strong>del 29 de mar\u00e7 al 9 d&#8217;abril<\/strong>, ambd\u00f3s inclosos.<\/p>\n<p style=\"text-align: left;\">La documentaci\u00f3 que haureu de portar a l&#8217;<strong>Escola Jaume Balmes<\/strong> per a fer la preinscripci\u00f3 \u00e9s:<\/p>\n<ul>\n<li>DNI dels tutors legals (originals i fotoc\u00f2pies)<\/li>\n<li>Llibre de fam\u00edlia (original i fotoc\u00f2pia)<\/li>\n<li>Full d&#8217;empadronament o certificat de l&#8217;empresa de la localitat.<\/li>\n<li>Targeta sanit\u00e0ria (original i fotoc\u00f2pia)<\/li>\n<li>Carnet de vacunes (original i fotoc\u00f2pia)<\/li>\n<li>1 fotografia mida carnet<\/li>\n<li style=\"text-align: left;\"><a href=\"http:\/\/ensenyament.gencat.cat\/web\/shared\/OVT\/Departaments\/ENS\/TramitOVT\/preinscripcio\/obligatoris\/A42.pdf\">Sol\u00b7licitud<\/a> de preinscripci\u00f3<\/li>\n<\/ul>\n<p>Cliqueu sobre la paraula &#8220;sol\u00b7licitud&#8221; per descarregar-la, tamb\u00e9 podeu demanar una c\u00f2pia a la secretaria del centre.<\/p>\n<p>L&#8217;<strong>horari d&#8217;atenci\u00f3 al p\u00fablic<\/strong> \u00e9s:<\/p>\n<ul>\n<li>De dilluns a dijous, de 9 a 12:30 h.<\/li>\n<li>De dimarts a dijous, de 15 a 16:30 h.<\/li>\n<\/ul>\n<p>Si no us an\u00e9s b\u00e9 cap d&#8217;aquests horaris, podeu fer una trucada a l&#8217;escola (93 834 02 35) o escriure un correu electr\u00f2nic (a8015806@xtec.cat), per concertar la trobada.<\/p>\n<p>Pel bon funcionament del proc\u00e9s, us demanem que respecteu les dates de preinscripci\u00f3 i que ens lliureu tota la documentaci\u00f3 sol\u00b7licitada.<\/p>\n<p>El <strong>calendari<\/strong>\u00a0oficial de preinscripci\u00f3 i matr\u00edcula \u00e9s el seg\u00fcent:<\/p>\n<p><strong>Preinscripci\u00f3:<\/strong><\/p>\n<ul>\n<li>Oferta inicial de places escolars: 27 de mar\u00e7 de 2019<\/li>\n<li>Presentaci\u00f3 de sol\u00b7licituds:\u00a0<strong>del 29 de mar\u00e7 al 9 d&#8217;abril\u00a0de 2019<\/strong><\/li>\n<li>Presentaci\u00f3 de documentaci\u00f3: fins al 10 d&#8217;abril de 2019<\/li>\n<li>Llista de sol\u00b7licituds amb la puntuaci\u00f3 provisional: 26 d&#8217;abril de 2019<\/li>\n<li>Presentaci\u00f3 de reclamacions: del 29 d&#8217;abril al 3 de maig de 2019<\/li>\n<li>Llista de sol\u00b7licituds amb la puntuaci\u00f3 un cop resoltes les reclamacions: 8 de maig de 2019<\/li>\n<li>Sorteig del n\u00famero de desempat: 9 de maig de 2019, a les 11 h, als serveis centrals del\u00a0Departament d&#8217;Educaci\u00f3 (Via Augusta, 202, Barcelona)<\/li>\n<li>Llista ordenada definitiva: 14 de maig de 2019<\/li>\n<li>Ampliaci\u00f3 de petici\u00f3 de centres per a les sol\u00b7licituds que no han obtingut cap assignaci\u00f3 (assignaci\u00f3 d&#8217;ofici): del 30 de maig al 3 de juny de 2019<\/li>\n<li>Oferta final de places escolars: 11 de juny de 2019<\/li>\n<li>Llista d&#8217;alumnes admesos i\u00a0llista d&#8217;espera: 12 de juny\u00a0de 2019<\/li>\n<\/ul>\n<p><strong style=\"font-family: inherit; font-size: 1em;\">Matr\u00edcula:<\/strong><\/p>\n<div class=\"FW_sPregunta FW_sImpacte\">\n<div class=\"FW_sArticleFoto\">\n<div class=\"FW_sEditPro\">\n<ul>\n<li><strong>Del\u00a020 al 26 de juny de 2019<\/strong><\/li>\n<\/ul>\n<\/div>\n<\/div>\n<\/div>\n","protected":false},"excerpt":{"rendered":"<p><a href=\"https:\/\/agora.xtec.cat\/ceipbalmes\/wp-content\/uploads\/usu527\/2014\/09\/educacio.jpg\"><\/a>Abans de fer la\u00a0matr\u00edcula, per accedir al primer curs del segon cicle de l&#8217;educaci\u00f3 infantil (P-3) o per ser adm\u00e8s per primera vegada en un centre, en primer lloc cal fer la\u00a0preinscripci\u00f3, \u00e9s a dir, presentar la\u00a0sol\u00b7licitud d&#8217;admissi\u00f3 al\u00a0centre. El per\u00edode per a presentar&hellip;  <a href=\"https:\/\/agora.xtec.cat\/ceipbalmes\/general\/preinscripcions-i-matricula-curs-2019-2020\/\" title=\"Read PREINSCRIPCIONS i MATR\u00cdCULA curs 2019-2020\">Llegeix m\u00e9s\u00bb<\/a><\/p>\n","protected":false},"author":1,"featured_media":836,"comment_status":"open","ping_status":"closed","sticky":false,"template":"","format":"standard","meta":{"_bbp_topic_count":0,"_bbp_reply_count":0,"_bbp_total_topic_count":0,"_bbp_total_reply_count":0,"_bbp_voice_count":0,"_bbp_anonymous_reply_count":0,"_bbp_topic_count_hidden":0,"_bbp_reply_count_hidden":0,"_bbp_forum_subforum_count":0,"footnotes":""},"categories":[1],"tags":[],"class_list":["post-959","post","type-post","status-publish","format-standard","has-post-thumbnail","hentry","category-general"],"post_mailing_queue_ids":[],"_links":{"self":[{"href":"https:\/\/agora.xtec.cat\/ceipbalmes\/wp-json\/wp\/v2\/posts\/959","targetHints":{"allow":["GET"]}}],"collection":[{"href":"https:\/\/agora.xtec.cat\/ceipbalmes\/wp-json\/wp\/v2\/posts"}],"about":[{"href":"https:\/\/agora.xtec.cat\/ceipbalmes\/wp-json\/wp\/v2\/types\/post"}],"author":[{"embeddable":true,"href":"https:\/\/agora.xtec.cat\/ceipbalmes\/wp-json\/wp\/v2\/users\/1"}],"replies":[{"embeddable":true,"href":"https:\/\/agora.xtec.cat\/ceipbalmes\/wp-json\/wp\/v2\/comments?post=959"}],"version-history":[{"count":1,"href":"https:\/\/agora.xtec.cat\/ceipbalmes\/wp-json\/wp\/v2\/posts\/959\/revisions"}],"predecessor-version":[{"id":960,"href":"https:\/\/agora.xtec.cat\/ceipbalmes\/wp-json\/wp\/v2\/posts\/959\/revisions\/960"}],"wp:featuredmedia":[{"embeddable":true,"href":"https:\/\/agora.xtec.cat\/ceipbalmes\/wp-json\/wp\/v2\/media\/836"}],"wp:attachment":[{"href":"https:\/\/agora.xtec.cat\/ceipbalmes\/wp-json\/wp\/v2\/media?parent=959"}],"wp:term":[{"taxonomy":"category","embeddable":true,"href":"https:\/\/agora.xtec.cat\/ceipbalmes\/wp-json\/wp\/v2\/categories?post=959"},{"taxonomy":"post_tag","embeddable":true,"href":"https:\/\/agora.xtec.cat\/ceipbalmes\/wp-json\/wp\/v2\/tags?post=959"}],"curies":[{"name":"wp","href":"https:\/\/api.w.org\/{rel}","templated":true}]}}