{"id":946,"date":"2019-02-28T12:01:17","date_gmt":"2019-02-28T11:01:17","guid":{"rendered":"http:\/\/agora.xtec.cat\/ceipbalmes\/?p=946"},"modified":"2019-02-28T12:01:39","modified_gmt":"2019-02-28T11:01:39","slug":"donacio-de-sang-a-lescola","status":"publish","type":"post","link":"https:\/\/agora.xtec.cat\/ceipbalmes\/general\/donacio-de-sang-a-lescola\/","title":{"rendered":"DONACI\u00d3 DE SANG A L&#8217;ESCOLA"},"content":{"rendered":"<p dir=\"ltr\" style=\"text-align: center;\"><a href=\"https:\/\/agora.xtec.cat\/ceipbalmes\/wp-content\/uploads\/usu527\/2019\/02\/Cartell-DONACI\u00d3-SANG-Jaume-Balmes-1.png\"><img loading=\"lazy\" decoding=\"async\" class=\"size-full wp-image-949 aligncenter\" src=\"https:\/\/agora.xtec.cat\/ceipbalmes\/wp-content\/uploads\/usu527\/2019\/02\/Cartell-DONACI\u00d3-SANG-Jaume-Balmes-1.png\" alt=\"\" width=\"591\" height=\"837\" srcset=\"https:\/\/agora.xtec.cat\/ceipbalmes\/wp-content\/uploads\/usu527\/2019\/02\/Cartell-DONACI\u00d3-SANG-Jaume-Balmes-1.png 591w, https:\/\/agora.xtec.cat\/ceipbalmes\/wp-content\/uploads\/usu527\/2019\/02\/Cartell-DONACI\u00d3-SANG-Jaume-Balmes-1-212x300.png 212w\" sizes=\"auto, (max-width: 591px) 100vw, 591px\" \/><\/a><\/p>\n<p dir=\"ltr\">Benvolgudes ve\u00efnes i ve\u00efns de Castellbell i el Vilar,<\/p>\n<p dir=\"ltr\">Som els alumnes de 6\u00e8 de l\u2019escola Jaume Balmes que participem en un projecte relacionat amb la campanya de donaci\u00f3 de sang.<\/p>\n<p dir=\"ltr\">Us agrair\u00edem que particip\u00e9ssiu a la donaci\u00f3 de sang que farem aqu\u00ed a l\u2019escola, ja que podeu salvar a moltes persones que la necessiten.<\/p>\n<p dir=\"ltr\" style=\"text-align: center;\">D\u00d3NA VALOR A LA VIDA,<\/p>\n<p dir=\"ltr\" style=\"text-align: center;\">D\u00d3NA DE LA TEVA SANG!!!<\/p>\n<p dir=\"ltr\">El banc de sang i teixits necessita 1000 bosses de sang al dia i tan sols recull 800 bosses.<\/p>\n<p dir=\"ltr\">Ens podeu ajudar a aconseguir m\u00e9s de 100 donacions?<\/p>\n<p dir=\"ltr\">Animeu-vos a venir el proper <span style=\"font-size: large;\">7 de mar\u00e7 del 2019<\/span> de les <span style=\"font-size: large;\">15.30h fins a les 19h<\/span> a l\u2019escola Jaume Balmes de Castellbell i el Vilar.<\/p>\n<p dir=\"ltr\">Recordeu que per donar sang:<\/p>\n<p dir=\"ltr\">&#8211; Heu de tenir entre 18 i 70 anys.<\/p>\n<p dir=\"ltr\">&#8211; Pesar m\u00e9s de 50kg.<\/p>\n<p dir=\"ltr\">&#8211; No vingueu en dej\u00fa, \u00e9s millor que mengeu abans de donar sang.<\/p>\n<p dir=\"ltr\">&#8211; Si ja heu donat sang, recordeu que ha d\u2019haver passat un m\u00ednim de dos mesos.<\/p>\n<p dir=\"ltr\" style=\"text-align: center;\">MOLTES GR\u00c0CIES!!!<\/p>\n<p dir=\"ltr\" style=\"text-align: right;\">Alumnes de 6\u00e8 de l\u2019escola Jaume Balmes.<\/p>\n","protected":false},"excerpt":{"rendered":"<p><a href=\"https:\/\/agora.xtec.cat\/ceipbalmes\/wp-content\/uploads\/usu527\/2019\/02\/Cartell-DONACI\u00d3-SANG-Jaume-Balmes-1.png\"><\/a><br \/>\nBenvolgudes ve\u00efnes i ve\u00efns de Castellbell i el Vilar,<br \/>\nSom els alumnes de 6\u00e8 de l\u2019escola Jaume Balmes que participem en un projecte relacionat amb la campanya de donaci\u00f3 de sang.<br \/>\nUs agrair\u00edem que particip\u00e9ssiu a la donaci\u00f3 de sang que farem aqu\u00ed a l\u2019escola, ja&hellip;  <a href=\"https:\/\/agora.xtec.cat\/ceipbalmes\/general\/donacio-de-sang-a-lescola\/\" title=\"Read DONACI\u00d3 DE SANG A L&#8217;ESCOLA\">Llegeix m\u00e9s\u00bb<\/a><\/p>\n","protected":false},"author":1,"featured_media":949,"comment_status":"open","ping_status":"closed","sticky":false,"template":"","format":"standard","meta":{"_bbp_topic_count":0,"_bbp_reply_count":0,"_bbp_total_topic_count":0,"_bbp_total_reply_count":0,"_bbp_voice_count":0,"_bbp_anonymous_reply_count":0,"_bbp_topic_count_hidden":0,"_bbp_reply_count_hidden":0,"_bbp_forum_subforum_count":0,"footnotes":""},"categories":[1],"tags":[],"class_list":["post-946","post","type-post","status-publish","format-standard","has-post-thumbnail","hentry","category-general"],"post_mailing_queue_ids":[],"_links":{"self":[{"href":"https:\/\/agora.xtec.cat\/ceipbalmes\/wp-json\/wp\/v2\/posts\/946","targetHints":{"allow":["GET"]}}],"collection":[{"href":"https:\/\/agora.xtec.cat\/ceipbalmes\/wp-json\/wp\/v2\/posts"}],"about":[{"href":"https:\/\/agora.xtec.cat\/ceipbalmes\/wp-json\/wp\/v2\/types\/post"}],"author":[{"embeddable":true,"href":"https:\/\/agora.xtec.cat\/ceipbalmes\/wp-json\/wp\/v2\/users\/1"}],"replies":[{"embeddable":true,"href":"https:\/\/agora.xtec.cat\/ceipbalmes\/wp-json\/wp\/v2\/comments?post=946"}],"version-history":[{"count":3,"href":"https:\/\/agora.xtec.cat\/ceipbalmes\/wp-json\/wp\/v2\/posts\/946\/revisions"}],"predecessor-version":[{"id":952,"href":"https:\/\/agora.xtec.cat\/ceipbalmes\/wp-json\/wp\/v2\/posts\/946\/revisions\/952"}],"wp:featuredmedia":[{"embeddable":true,"href":"https:\/\/agora.xtec.cat\/ceipbalmes\/wp-json\/wp\/v2\/media\/949"}],"wp:attachment":[{"href":"https:\/\/agora.xtec.cat\/ceipbalmes\/wp-json\/wp\/v2\/media?parent=946"}],"wp:term":[{"taxonomy":"category","embeddable":true,"href":"https:\/\/agora.xtec.cat\/ceipbalmes\/wp-json\/wp\/v2\/categories?post=946"},{"taxonomy":"post_tag","embeddable":true,"href":"https:\/\/agora.xtec.cat\/ceipbalmes\/wp-json\/wp\/v2\/tags?post=946"}],"curies":[{"name":"wp","href":"https:\/\/api.w.org\/{rel}","templated":true}]}}