{"id":935,"date":"2019-01-16T11:28:28","date_gmt":"2019-01-16T10:28:28","guid":{"rendered":"http:\/\/agora.xtec.cat\/ceipbalmes\/?p=935"},"modified":"2019-01-16T12:07:00","modified_gmt":"2019-01-16T11:07:00","slug":"el-mon-del-animals","status":"publish","type":"post","link":"https:\/\/agora.xtec.cat\/ceipbalmes\/primaria\/grans\/4t\/el-mon-del-animals\/","title":{"rendered":"EL M\u00d3N DELS ANIMALS"},"content":{"rendered":"<p>&nbsp;<\/p>\n<p>Els alumnes de 3r hem comen\u00e7at a estudiar el m\u00f3n dels animals.<\/p>\n<p>Aqu\u00ed us deixem l\u2019enlla\u00e7 dels v\u00eddeos per treballar els animals invertebrats.<\/p>\n<p><a style=\"font-family: inherit; font-size: 1em;\" href=\"https:\/\/youtu.be\/_sDgRN2eHKs\">https:\/\/youtu.be\/_sDgRN2eHKs<\/a><\/p>\n<p><a href=\"https:\/\/youtu.be\/3yUarVVTb80\">https:\/\/youtu.be\/NOpzysr0PJQ<\/a><\/p>\n<p><a href=\"https:\/\/youtu.be\/3yUarVVTb80\">https:\/\/youtu.be\/3yUarVVTb80<\/a><\/p>\n<p>Tamb\u00e9 us deixem un enlla\u00e7 d&#8217;un v\u00eddeo dels animals vertebrats<\/p>\n<p><a href=\"https:\/\/www.youtube.com\/watch?v=_LvZzt6WnC4\">https:\/\/www.youtube.com\/watch?v=_LvZzt6WnC4<\/a><\/p>\n","protected":false},"excerpt":{"rendered":"<p>&nbsp;<br \/>\nEls alumnes de 3r hem comen\u00e7at a estudiar el m\u00f3n dels animals.<br \/>\nAqu\u00ed us deixem l\u2019enlla\u00e7 dels v\u00eddeos per treballar els animals invertebrats.<br \/>\n<a style=\"font-family: inherit; font-size: 1em;\" href=\"https:\/\/youtu.be\/_sDgRN2eHKs\">https:\/\/youtu.be\/_sDgRN2eHKs<\/a><br \/>\n<a href=\"https:\/\/youtu.be\/3yUarVVTb80\">https:\/\/youtu.be\/NOpzysr0PJQ<\/a><br \/>\n<a href=\"https:\/\/youtu.be\/3yUarVVTb80\">https:\/\/youtu.be\/3yUarVVTb80<\/a><br \/>\nTamb\u00e9 us deixem un enlla\u00e7 d&#8217;un v\u00eddeo dels animals vertebrats<br \/>\n<a href=\"https:\/\/www.youtube.com\/watch?v=_LvZzt6WnC4\">https:\/\/www.youtube.com\/watch?v=_LvZzt6WnC4<\/a><\/p>\n","protected":false},"author":1,"featured_media":937,"comment_status":"open","ping_status":"closed","sticky":false,"template":"","format":"standard","meta":{"_bbp_topic_count":0,"_bbp_reply_count":0,"_bbp_total_topic_count":0,"_bbp_total_reply_count":0,"_bbp_voice_count":0,"_bbp_anonymous_reply_count":0,"_bbp_topic_count_hidden":0,"_bbp_reply_count_hidden":0,"_bbp_forum_subforum_count":0,"footnotes":""},"categories":[12,25],"tags":[103],"class_list":["post-935","post","type-post","status-publish","format-standard","has-post-thumbnail","hentry","category-4t","category-cicle-mitja","tag-animals"],"post_mailing_queue_ids":[],"_links":{"self":[{"href":"https:\/\/agora.xtec.cat\/ceipbalmes\/wp-json\/wp\/v2\/posts\/935","targetHints":{"allow":["GET"]}}],"collection":[{"href":"https:\/\/agora.xtec.cat\/ceipbalmes\/wp-json\/wp\/v2\/posts"}],"about":[{"href":"https:\/\/agora.xtec.cat\/ceipbalmes\/wp-json\/wp\/v2\/types\/post"}],"author":[{"embeddable":true,"href":"https:\/\/agora.xtec.cat\/ceipbalmes\/wp-json\/wp\/v2\/users\/1"}],"replies":[{"embeddable":true,"href":"https:\/\/agora.xtec.cat\/ceipbalmes\/wp-json\/wp\/v2\/comments?post=935"}],"version-history":[{"count":3,"href":"https:\/\/agora.xtec.cat\/ceipbalmes\/wp-json\/wp\/v2\/posts\/935\/revisions"}],"predecessor-version":[{"id":940,"href":"https:\/\/agora.xtec.cat\/ceipbalmes\/wp-json\/wp\/v2\/posts\/935\/revisions\/940"}],"wp:featuredmedia":[{"embeddable":true,"href":"https:\/\/agora.xtec.cat\/ceipbalmes\/wp-json\/wp\/v2\/media\/937"}],"wp:attachment":[{"href":"https:\/\/agora.xtec.cat\/ceipbalmes\/wp-json\/wp\/v2\/media?parent=935"}],"wp:term":[{"taxonomy":"category","embeddable":true,"href":"https:\/\/agora.xtec.cat\/ceipbalmes\/wp-json\/wp\/v2\/categories?post=935"},{"taxonomy":"post_tag","embeddable":true,"href":"https:\/\/agora.xtec.cat\/ceipbalmes\/wp-json\/wp\/v2\/tags?post=935"}],"curies":[{"name":"wp","href":"https:\/\/api.w.org\/{rel}","templated":true}]}}