{"id":927,"date":"2018-12-13T11:29:23","date_gmt":"2018-12-13T10:29:23","guid":{"rendered":"http:\/\/agora.xtec.cat\/ceipbalmes\/?p=927"},"modified":"2018-12-13T11:39:28","modified_gmt":"2018-12-13T10:39:28","slug":"el-nadal-a-lescola","status":"publish","type":"post","link":"https:\/\/agora.xtec.cat\/ceipbalmes\/general\/el-nadal-a-lescola\/","title":{"rendered":"EL NADAL A L&#8217;ESCOLA"},"content":{"rendered":"<p><a href=\"https:\/\/agora.xtec.cat\/ceipbalmes\/wp-content\/uploads\/usu527\/2018\/12\/TI\u00d3.jpg\"><img loading=\"lazy\" decoding=\"async\" class=\"alignnone size-full wp-image-928\" src=\"https:\/\/agora.xtec.cat\/ceipbalmes\/wp-content\/uploads\/usu527\/2018\/12\/TI\u00d3.jpg\" alt=\"\" width=\"960\" height=\"960\" srcset=\"https:\/\/agora.xtec.cat\/ceipbalmes\/wp-content\/uploads\/usu527\/2018\/12\/TI\u00d3.jpg 960w, https:\/\/agora.xtec.cat\/ceipbalmes\/wp-content\/uploads\/usu527\/2018\/12\/TI\u00d3-150x150.jpg 150w, https:\/\/agora.xtec.cat\/ceipbalmes\/wp-content\/uploads\/usu527\/2018\/12\/TI\u00d3-300x300.jpg 300w, https:\/\/agora.xtec.cat\/ceipbalmes\/wp-content\/uploads\/usu527\/2018\/12\/TI\u00d3-768x768.jpg 768w\" sizes=\"auto, (max-width: 960px) 100vw, 960px\" \/><\/a><\/p>\n<p>El Ti\u00f3 ja ha arribat a l\u2019escola i quantes emocions es desperten! \u00c9s una tradici\u00f3 que ens fa viure la m\u00e0gia de la sorpresa o \u00a0retrobar-nos amb els jocs d\u2019infantesa, compartint la il\u00b7lusi\u00f3 amb els m\u00e9s petits.<\/p>\n<p>El Nadal, m\u00e9s enll\u00e0 d\u2019una celebraci\u00f3 religiosa, \u00e9s una tradici\u00f3 que ens posa en contacte amb els processos vitals. L\u2019advent \u00e9s un temps d\u2019espera que ens recorda que tot t\u00e9 el seu temps i podem compartir aquests moments tots junts. Aquestes dates tamb\u00e9 ens conviden a moments de reflexi\u00f3, donat que la Natura, que transita pel solstici d\u2019hivern, viu uns moments de recolliment. Nosaltres tamb\u00e9 sentim aquesta energia.<\/p>\n<p>A l\u2019escola ens agrada viure aquesta excitaci\u00f3 compartida per la il\u00b7lusi\u00f3 de la m\u00e0gia del Ti\u00f3, de la nit de Nadal i Reis, &#8230; per\u00f2 tamb\u00e9 volem que sigui un espai per compartir amb les fam\u00edlies i amb els alumnes. Per crear moments de gaudi i pertinen\u00e7a. Volem donar a aquesta tradici\u00f3 el sentit m\u00e9s ampli i hum\u00e0, posar la intenci\u00f3 i el cor en compartir i col\u00b7laborar. Totes fem escola!<\/p>\n<p>Si cliqueu a la imatge de sota enlla\u00e7areu amb un recull de Nadales que ha preparat la Nati Bergad\u00e0 al seu blog, per a que aquests dies tamb\u00e9 puguem gaudir amb les nenes i els nens de la m\u00fasica. Bones Festes!<a href=\"https:\/\/natibergada.cat\/13-nadales-per-compartir-amb-els-teus-alumnes\"><img loading=\"lazy\" decoding=\"async\" class=\"size-full wp-image-930 aligncenter\" src=\"https:\/\/agora.xtec.cat\/ceipbalmes\/wp-content\/uploads\/usu527\/2018\/12\/nadales.png\" alt=\"\" width=\"560\" height=\"397\" srcset=\"https:\/\/agora.xtec.cat\/ceipbalmes\/wp-content\/uploads\/usu527\/2018\/12\/nadales.png 560w, https:\/\/agora.xtec.cat\/ceipbalmes\/wp-content\/uploads\/usu527\/2018\/12\/nadales-300x213.png 300w\" sizes=\"auto, (max-width: 560px) 100vw, 560px\" \/><\/a><\/p>\n","protected":false},"excerpt":{"rendered":"<p><a href=\"https:\/\/agora.xtec.cat\/ceipbalmes\/wp-content\/uploads\/usu527\/2018\/12\/TI\u00d3.jpg\"><\/a><br \/>\nEl Ti\u00f3 ja ha arribat a l\u2019escola i quantes emocions es desperten! \u00c9s una tradici\u00f3 que ens fa viure la m\u00e0gia de la sorpresa o \u00a0retrobar-nos amb els jocs d\u2019infantesa, compartint la il\u00b7lusi\u00f3 amb els m\u00e9s petits.<br \/>\nEl Nadal, m\u00e9s enll\u00e0 d\u2019una celebraci\u00f3 religiosa, \u00e9s&hellip;  <a href=\"https:\/\/agora.xtec.cat\/ceipbalmes\/general\/el-nadal-a-lescola\/\" title=\"Read EL NADAL A L&#8217;ESCOLA\">Llegeix m\u00e9s\u00bb<\/a><\/p>\n","protected":false},"author":1,"featured_media":928,"comment_status":"open","ping_status":"closed","sticky":false,"template":"","format":"standard","meta":{"_bbp_topic_count":0,"_bbp_reply_count":0,"_bbp_total_topic_count":0,"_bbp_total_reply_count":0,"_bbp_voice_count":0,"_bbp_anonymous_reply_count":0,"_bbp_topic_count_hidden":0,"_bbp_reply_count_hidden":0,"_bbp_forum_subforum_count":0,"footnotes":""},"categories":[1],"tags":[],"class_list":["post-927","post","type-post","status-publish","format-standard","has-post-thumbnail","hentry","category-general"],"post_mailing_queue_ids":[],"_links":{"self":[{"href":"https:\/\/agora.xtec.cat\/ceipbalmes\/wp-json\/wp\/v2\/posts\/927","targetHints":{"allow":["GET"]}}],"collection":[{"href":"https:\/\/agora.xtec.cat\/ceipbalmes\/wp-json\/wp\/v2\/posts"}],"about":[{"href":"https:\/\/agora.xtec.cat\/ceipbalmes\/wp-json\/wp\/v2\/types\/post"}],"author":[{"embeddable":true,"href":"https:\/\/agora.xtec.cat\/ceipbalmes\/wp-json\/wp\/v2\/users\/1"}],"replies":[{"embeddable":true,"href":"https:\/\/agora.xtec.cat\/ceipbalmes\/wp-json\/wp\/v2\/comments?post=927"}],"version-history":[{"count":3,"href":"https:\/\/agora.xtec.cat\/ceipbalmes\/wp-json\/wp\/v2\/posts\/927\/revisions"}],"predecessor-version":[{"id":933,"href":"https:\/\/agora.xtec.cat\/ceipbalmes\/wp-json\/wp\/v2\/posts\/927\/revisions\/933"}],"wp:featuredmedia":[{"embeddable":true,"href":"https:\/\/agora.xtec.cat\/ceipbalmes\/wp-json\/wp\/v2\/media\/928"}],"wp:attachment":[{"href":"https:\/\/agora.xtec.cat\/ceipbalmes\/wp-json\/wp\/v2\/media?parent=927"}],"wp:term":[{"taxonomy":"category","embeddable":true,"href":"https:\/\/agora.xtec.cat\/ceipbalmes\/wp-json\/wp\/v2\/categories?post=927"},{"taxonomy":"post_tag","embeddable":true,"href":"https:\/\/agora.xtec.cat\/ceipbalmes\/wp-json\/wp\/v2\/tags?post=927"}],"curies":[{"name":"wp","href":"https:\/\/api.w.org\/{rel}","templated":true}]}}