{"id":905,"date":"2018-10-17T10:16:03","date_gmt":"2018-10-17T08:16:03","guid":{"rendered":"http:\/\/agora.xtec.cat\/ceipbalmes\/?p=905"},"modified":"2018-10-17T11:12:46","modified_gmt":"2018-10-17T09:12:46","slug":"eleccions-2018-al-consell-escolar","status":"publish","type":"post","link":"https:\/\/agora.xtec.cat\/ceipbalmes\/general\/eleccions-2018-al-consell-escolar\/","title":{"rendered":"ELECCIONS 2018 al CONSELL ESCOLAR"},"content":{"rendered":"<blockquote class=\"twitter-tweet\" data-lang=\"ca\">\n<p dir=\"ltr\" lang=\"ca\">Aviat hi haur\u00e0 eleccions al Consell Escolar, el proc\u00e9s s&#8217;inicia el dilluns 5 de novembre.<\/p>\n<p dir=\"ltr\" lang=\"ca\">La funci\u00f3 principal del Consell Escolar \u00e9s participar en la presa de decisions en relaci\u00f3 amb aquells temes importants per al funcionament i l&#8217;organitzaci\u00f3 del centre: el projecte educatiu, la programaci\u00f3 general, la gesti\u00f3 econ\u00f2mica, la resoluci\u00f3 dels conflictes, les activitats extraescolars, l&#8217;horari lectiu, etc.<\/p>\n<p dir=\"ltr\" lang=\"ca\">Pots presentar la teva candidatura a la direcci\u00f3 del centre, tamb\u00e9 pots actuar com a supervisor durant les votacions o com membre de les meses electorals. Anima&#8217;t i participa-hi, totes fem escola!<\/p>\n<p dir=\"ltr\" lang=\"ca\"><a href=\"https:\/\/agora.xtec.cat\/ceipbalmes\/wp-content\/uploads\/usu527\/2018\/10\/Dpol_sgW4AATzCg.jpg\"><img loading=\"lazy\" decoding=\"async\" class=\"alignnone size-large wp-image-906\" src=\"https:\/\/agora.xtec.cat\/ceipbalmes\/wp-content\/uploads\/usu527\/2018\/10\/Dpol_sgW4AATzCg-1024x683.jpg\" alt=\"\" width=\"1024\" height=\"683\" srcset=\"https:\/\/agora.xtec.cat\/ceipbalmes\/wp-content\/uploads\/usu527\/2018\/10\/Dpol_sgW4AATzCg-1024x683.jpg 1024w, https:\/\/agora.xtec.cat\/ceipbalmes\/wp-content\/uploads\/usu527\/2018\/10\/Dpol_sgW4AATzCg-300x200.jpg 300w, https:\/\/agora.xtec.cat\/ceipbalmes\/wp-content\/uploads\/usu527\/2018\/10\/Dpol_sgW4AATzCg-768x512.jpg 768w, https:\/\/agora.xtec.cat\/ceipbalmes\/wp-content\/uploads\/usu527\/2018\/10\/Dpol_sgW4AATzCg.jpg 1200w\" sizes=\"auto, (max-width: 1024px) 100vw, 1024px\" \/><\/a><\/p>\n<p>Els professionals dels centres i les fam\u00edlies compartim un objectiu:\u00a0l&#8217;\u00e8xit social i personal dels fills. Les decisions que es prenen al Consell Escolar s\u00f3n claus\u00a0per al funcionament i la millora del centre i, per tant, tamb\u00e9 per a l&#8217;\u00e8xit educatiu de tots els alumnes. \u00c9s per aquest motiu que la participaci\u00f3 i implicaci\u00f3 dels pares en les eleccions al consell escolar \u00e9s tan important.<\/p>\n<p>Quan les fam\u00edlies participeu en les eleccions, doneu suport al vostre candidat i delegueu en la seva veu i representaci\u00f3. Aix\u00ed feu arribar les seves opinions i aportacions. \u00c9s important que participeu en les eleccions al consell escolar perqu\u00e8:<\/p>\n<ul>\n<li>Sou els responsables de la formaci\u00f3 dels vostres fills i \u00e9s important tenir uns bons representants al consell escolar que us informin i facin arribar la vostra veu.<\/li>\n<li>Les fam\u00edlies i els docents compartim un mateix objectiu. Per aix\u00f2 hem de ser capa\u00e7os de decidir, entre tots, a qu\u00e8 ens comprometem per aconseguir-ho.<\/li>\n<li>Les fam\u00edlies teniu el dret de participar de manera democr\u00e0tica en l\u2019organitzaci\u00f3 del centre. Aquesta \u00e9s una manera de valorar l&#8217;escola i tamb\u00e9 contribu\u00efu que el vostre fill la valori.<\/li>\n<li>L&#8217;\u00e8xit educatiu del vostre fill tamb\u00e9 dep\u00e8n del funcionament i el clima de centre. Implicar-vos en el seguiment i l&#8217;avaluaci\u00f3 d&#8217;aquest funcionament incideix en el desenvolupament i creixement personal dels vostres fills.<\/li>\n<li>\u00c9s la manera de fer arribar la vostra veu en temes que us poden preocupar, com activitats extraescolars o quina \u00e9s l&#8217;alimentaci\u00f3 que han de rebre en el menjador escolar.<\/li>\n<li>\u00c9s important tenir una escola oberta a l&#8217;entorn, que col\u00b7labori amb els altres centres i les diferents entitats i que entre tots pugueu fer del vostre municipi, barri o poble un entorn m\u00e9s educatiu i cohesionat. El consell escolar decideix quines han de ser aquestes relacions.<\/li>\n<\/ul>\n<\/blockquote>\n<p dir=\"ltr\" lang=\"ca\">Podeu consultar la composici\u00f3 i funcions del Consell Escolar en el seg\u00fcent pdf:<\/p>\n<p dir=\"ltr\" lang=\"ca\" style=\"text-align: center;\"><strong><a href=\"https:\/\/agora.xtec.cat\/ceipbalmes\/wp-content\/uploads\/usu527\/2018\/10\/consell-escolar-funcions.pdf\">consell-escolar-funcions<\/a><\/strong><\/p>\n<p dir=\"ltr\" lang=\"ca\">Per m\u00e9s informaci\u00f3, us enllacem el seg\u00fcent Twitter del Departament d&#8217;Ensenyament:<\/p>\n<p dir=\"ltr\" lang=\"ca\">?Atents! properament comencen les eleccions als consells escolars dels centres educatius<br \/>\n??Els formen els representants de la comunitat educativa: direcci\u00f3, professors, alumnes, fam\u00edlies, personal d&#8217;admin. i +<br \/>\nInici del proc\u00e9s: 5 nov. 2018<br \/>\nParticipa-hi!<br \/>\n?<a href=\"https:\/\/t.co\/59TR0SCux5\">https:\/\/t.co\/59TR0SCux5<\/a><a href=\"https:\/\/t.co\/a5CwqopCgn\">pic.twitter.com\/a5CwqopCgn<\/a><\/p>\n<p>\u2014 Ensenyament (@ensenyamentcat) <a href=\"https:\/\/twitter.com\/ensenyamentcat\/status\/1052220123837329408?ref_src=twsrc%5Etfw\">16 d\u2019octubre de 2018<\/a><\/p>\n","protected":false},"excerpt":{"rendered":"<p>Aviat hi haur\u00e0 eleccions al Consell Escolar, el proc\u00e9s s&#8217;inicia el dilluns 5 de novembre.<br \/>\nLa funci\u00f3 principal del Consell Escolar \u00e9s participar en la presa de decisions en relaci\u00f3 amb aquells temes importants per al funcionament i l&#8217;organitzaci\u00f3 del centre: el projecte educatiu, la programaci\u00f3&hellip;  <a href=\"https:\/\/agora.xtec.cat\/ceipbalmes\/general\/eleccions-2018-al-consell-escolar\/\" title=\"Read ELECCIONS 2018 al CONSELL ESCOLAR\">Llegeix m\u00e9s\u00bb<\/a><\/p>\n","protected":false},"author":1,"featured_media":906,"comment_status":"open","ping_status":"closed","sticky":false,"template":"","format":"standard","meta":{"_bbp_topic_count":0,"_bbp_reply_count":0,"_bbp_total_topic_count":0,"_bbp_total_reply_count":0,"_bbp_voice_count":0,"_bbp_anonymous_reply_count":0,"_bbp_topic_count_hidden":0,"_bbp_reply_count_hidden":0,"_bbp_forum_subforum_count":0,"footnotes":""},"categories":[1],"tags":[],"class_list":["post-905","post","type-post","status-publish","format-standard","has-post-thumbnail","hentry","category-general"],"post_mailing_queue_ids":[],"_links":{"self":[{"href":"https:\/\/agora.xtec.cat\/ceipbalmes\/wp-json\/wp\/v2\/posts\/905","targetHints":{"allow":["GET"]}}],"collection":[{"href":"https:\/\/agora.xtec.cat\/ceipbalmes\/wp-json\/wp\/v2\/posts"}],"about":[{"href":"https:\/\/agora.xtec.cat\/ceipbalmes\/wp-json\/wp\/v2\/types\/post"}],"author":[{"embeddable":true,"href":"https:\/\/agora.xtec.cat\/ceipbalmes\/wp-json\/wp\/v2\/users\/1"}],"replies":[{"embeddable":true,"href":"https:\/\/agora.xtec.cat\/ceipbalmes\/wp-json\/wp\/v2\/comments?post=905"}],"version-history":[{"count":3,"href":"https:\/\/agora.xtec.cat\/ceipbalmes\/wp-json\/wp\/v2\/posts\/905\/revisions"}],"predecessor-version":[{"id":913,"href":"https:\/\/agora.xtec.cat\/ceipbalmes\/wp-json\/wp\/v2\/posts\/905\/revisions\/913"}],"wp:featuredmedia":[{"embeddable":true,"href":"https:\/\/agora.xtec.cat\/ceipbalmes\/wp-json\/wp\/v2\/media\/906"}],"wp:attachment":[{"href":"https:\/\/agora.xtec.cat\/ceipbalmes\/wp-json\/wp\/v2\/media?parent=905"}],"wp:term":[{"taxonomy":"category","embeddable":true,"href":"https:\/\/agora.xtec.cat\/ceipbalmes\/wp-json\/wp\/v2\/categories?post=905"},{"taxonomy":"post_tag","embeddable":true,"href":"https:\/\/agora.xtec.cat\/ceipbalmes\/wp-json\/wp\/v2\/tags?post=905"}],"curies":[{"name":"wp","href":"https:\/\/api.w.org\/{rel}","templated":true}]}}