{"id":900,"date":"2018-09-25T07:16:43","date_gmt":"2018-09-25T05:16:43","guid":{"rendered":"http:\/\/agora.xtec.cat\/ceipbalmes\/?p=900"},"modified":"2018-09-25T07:16:43","modified_gmt":"2018-09-25T05:16:43","slug":"projecte-educant-a-traves-de-lart","status":"publish","type":"post","link":"https:\/\/agora.xtec.cat\/ceipbalmes\/general\/projecte-educant-a-traves-de-lart\/","title":{"rendered":"Projecte EDUCANT A TRAV\u00c9S DE L&#8217;ART"},"content":{"rendered":"<p>Aquest curs iniciem a l&#8217;escola un nou cam\u00ed, una nova proposta pedag\u00f2gica que d\u00f3na m\u00e9s rellev\u00e0ncia al llenguatge art\u00edstic i al proc\u00e9s creatiu. Per aquest motiu hem organitzat l&#8217;\u00e0rea d&#8217;Educaci\u00f3 Visual i Pl\u00e0stica amb una programaci\u00f3 que integra tots els cursos de la Prim\u00e0ria, per\u00f2 que parteix des d&#8217;Infantil amb l&#8217;Ambient Art\u00edstic. Al centre tamb\u00e9 s&#8217;ha habilitat (gr\u00e0cies a la col\u00b7laboraci\u00f3 econ\u00f2mica de l&#8217;AMPA, l&#8217;Ajuntament de Castellbell i el Vilar i les quotes d&#8217;escola de les fam\u00edlies), una aula taller. Aquest espai ha perm\u00e8s organitzar i optimitzar totes les eines i material i disposar d&#8217;un lloc adequat per a desenvolupar l&#8217;activitat.<\/p>\n<p><a href=\"http:\/\/agora.xtec.cat\/ceipbalmes\/wp-content\/uploads\/usu527\/2018\/09\/mural3.jpg\"><img loading=\"lazy\" decoding=\"async\" class=\"alignnone size-full wp-image-901\" src=\"http:\/\/agora.xtec.cat\/ceipbalmes\/wp-content\/uploads\/usu527\/2018\/09\/mural3.jpg\" alt=\"\" width=\"960\" height=\"960\" srcset=\"https:\/\/agora.xtec.cat\/ceipbalmes\/wp-content\/uploads\/usu527\/2018\/09\/mural3.jpg 960w, https:\/\/agora.xtec.cat\/ceipbalmes\/wp-content\/uploads\/usu527\/2018\/09\/mural3-150x150.jpg 150w, https:\/\/agora.xtec.cat\/ceipbalmes\/wp-content\/uploads\/usu527\/2018\/09\/mural3-300x300.jpg 300w, https:\/\/agora.xtec.cat\/ceipbalmes\/wp-content\/uploads\/usu527\/2018\/09\/mural3-768x768.jpg 768w\" sizes=\"auto, (max-width: 960px) 100vw, 960px\" \/><\/a><\/p>\n<p>Si cliqueu sobre el seg\u00fcent enlla\u00e7 podreu veure m\u00e9s detalladament en qu\u00e8 consisteix aquest projecte i com est\u00e0 estructurat:<\/p>\n<p style=\"text-align: center;\"><a href=\"https:\/\/drive.google.com\/file\/d\/1WSuEMoSBvunkpQVmdBkU4_TB5dtMIWTi\/view?usp=sharing\"><strong>PROJECTE EDUCANT A TRAV\u00c9S DE L&#8217;ART<\/strong><\/a><\/p>\n<p>Tot plegat tamb\u00e9 ens ha portat a escollir l&#8217;ART com a eix tem\u00e0tic per aquest curs, aix\u00ed que aquest any de ben segur que passaran coses molt interessant i creatives!<\/p>\n<p><a href=\"http:\/\/agora.xtec.cat\/ceipbalmes\/wp-content\/uploads\/usu527\/2018\/09\/mural1.jpg\"><img loading=\"lazy\" decoding=\"async\" class=\"alignnone size-full wp-image-902\" src=\"http:\/\/agora.xtec.cat\/ceipbalmes\/wp-content\/uploads\/usu527\/2018\/09\/mural1.jpg\" alt=\"\" width=\"960\" height=\"960\" srcset=\"https:\/\/agora.xtec.cat\/ceipbalmes\/wp-content\/uploads\/usu527\/2018\/09\/mural1.jpg 960w, https:\/\/agora.xtec.cat\/ceipbalmes\/wp-content\/uploads\/usu527\/2018\/09\/mural1-150x150.jpg 150w, https:\/\/agora.xtec.cat\/ceipbalmes\/wp-content\/uploads\/usu527\/2018\/09\/mural1-300x300.jpg 300w, https:\/\/agora.xtec.cat\/ceipbalmes\/wp-content\/uploads\/usu527\/2018\/09\/mural1-768x768.jpg 768w\" sizes=\"auto, (max-width: 960px) 100vw, 960px\" \/><\/a><\/p>\n","protected":false},"excerpt":{"rendered":"<p>Aquest curs iniciem a l&#8217;escola un nou cam\u00ed, una nova proposta pedag\u00f2gica que d\u00f3na m\u00e9s rellev\u00e0ncia al llenguatge art\u00edstic i al proc\u00e9s creatiu. Per aquest motiu hem organitzat l&#8217;\u00e0rea d&#8217;Educaci\u00f3 Visual i Pl\u00e0stica amb una programaci\u00f3 que integra tots els cursos de la Prim\u00e0ria, per\u00f2&hellip;  <a href=\"https:\/\/agora.xtec.cat\/ceipbalmes\/general\/projecte-educant-a-traves-de-lart\/\" title=\"Read Projecte EDUCANT A TRAV\u00c9S DE L&#8217;ART\">Llegeix m\u00e9s\u00bb<\/a><\/p>\n","protected":false},"author":1,"featured_media":901,"comment_status":"open","ping_status":"closed","sticky":false,"template":"","format":"standard","meta":{"_bbp_topic_count":0,"_bbp_reply_count":0,"_bbp_total_topic_count":0,"_bbp_total_reply_count":0,"_bbp_voice_count":0,"_bbp_anonymous_reply_count":0,"_bbp_topic_count_hidden":0,"_bbp_reply_count_hidden":0,"_bbp_forum_subforum_count":0,"footnotes":""},"categories":[1],"tags":[],"class_list":["post-900","post","type-post","status-publish","format-standard","has-post-thumbnail","hentry","category-general"],"post_mailing_queue_ids":[],"_links":{"self":[{"href":"https:\/\/agora.xtec.cat\/ceipbalmes\/wp-json\/wp\/v2\/posts\/900","targetHints":{"allow":["GET"]}}],"collection":[{"href":"https:\/\/agora.xtec.cat\/ceipbalmes\/wp-json\/wp\/v2\/posts"}],"about":[{"href":"https:\/\/agora.xtec.cat\/ceipbalmes\/wp-json\/wp\/v2\/types\/post"}],"author":[{"embeddable":true,"href":"https:\/\/agora.xtec.cat\/ceipbalmes\/wp-json\/wp\/v2\/users\/1"}],"replies":[{"embeddable":true,"href":"https:\/\/agora.xtec.cat\/ceipbalmes\/wp-json\/wp\/v2\/comments?post=900"}],"version-history":[{"count":2,"href":"https:\/\/agora.xtec.cat\/ceipbalmes\/wp-json\/wp\/v2\/posts\/900\/revisions"}],"predecessor-version":[{"id":904,"href":"https:\/\/agora.xtec.cat\/ceipbalmes\/wp-json\/wp\/v2\/posts\/900\/revisions\/904"}],"wp:featuredmedia":[{"embeddable":true,"href":"https:\/\/agora.xtec.cat\/ceipbalmes\/wp-json\/wp\/v2\/media\/901"}],"wp:attachment":[{"href":"https:\/\/agora.xtec.cat\/ceipbalmes\/wp-json\/wp\/v2\/media?parent=900"}],"wp:term":[{"taxonomy":"category","embeddable":true,"href":"https:\/\/agora.xtec.cat\/ceipbalmes\/wp-json\/wp\/v2\/categories?post=900"},{"taxonomy":"post_tag","embeddable":true,"href":"https:\/\/agora.xtec.cat\/ceipbalmes\/wp-json\/wp\/v2\/tags?post=900"}],"curies":[{"name":"wp","href":"https:\/\/api.w.org\/{rel}","templated":true}]}}