{"id":885,"date":"2018-06-12T19:38:01","date_gmt":"2018-06-12T17:38:01","guid":{"rendered":"http:\/\/agora.xtec.cat\/ceipbalmes\/?p=885"},"modified":"2018-06-12T19:50:32","modified_gmt":"2018-06-12T17:50:32","slug":"manifest-per-estar-a-fora","status":"publish","type":"post","link":"https:\/\/agora.xtec.cat\/ceipbalmes\/general\/manifest-per-estar-a-fora\/","title":{"rendered":"MANIFEST PER ESTAR \u201cA FORA\u201d"},"content":{"rendered":"<p>El manifest<a href=\"https:\/\/drive.google.com\/file\/d\/1DuAH5iwXgg0pSOW-q3C_rTe9KvbF9ITr\/view?usp=sharing\" target=\"_blank\" rel=\"noopener noreferrer\"><em> A FORA<\/em><\/a> el van elaborar diversos autors en el context de l\u2019associaci\u00f3 <strong>Bambini e Natura<\/strong> de la ciutat de Mil\u00e0. \u00c9s un manifest particular, manuscrit, fruit del treball artesanal de la il\u00b7lustradora Sara Vincetti, que recull molts pensaments i treballs col\u00b7lectius entorn a la relaci\u00f3 entre Educaci\u00f3 i Natura.<\/p>\n<p><a href=\"http:\/\/agora.xtec.cat\/ceipbalmes\/wp-content\/uploads\/usu527\/2018\/06\/pati.jpg\"><img loading=\"lazy\" decoding=\"async\" class=\"size-full wp-image-888 aligncenter\" src=\"http:\/\/agora.xtec.cat\/ceipbalmes\/wp-content\/uploads\/usu527\/2018\/06\/pati.jpg\" alt=\"\" width=\"960\" height=\"960\" srcset=\"https:\/\/agora.xtec.cat\/ceipbalmes\/wp-content\/uploads\/usu527\/2018\/06\/pati.jpg 960w, https:\/\/agora.xtec.cat\/ceipbalmes\/wp-content\/uploads\/usu527\/2018\/06\/pati-150x150.jpg 150w, https:\/\/agora.xtec.cat\/ceipbalmes\/wp-content\/uploads\/usu527\/2018\/06\/pati-300x300.jpg 300w, https:\/\/agora.xtec.cat\/ceipbalmes\/wp-content\/uploads\/usu527\/2018\/06\/pati-768x768.jpg 768w\" sizes=\"auto, (max-width: 960px) 100vw, 960px\" \/><\/a><\/p>\n<p>Aquest manifest ha estat traduit per la mestra Maialen Arriaga de l\u2019Escola Bressol Municipal Els Belluguets (Palafrugell), amb la coordinaci\u00f3 de l\u2019Associaci\u00f3 El Nou Safareig, formada pel Pitu Fern\u00e1ndez i la Carme Cols, dos mestres jubilats que des de fa uns anys treballen per apropar la Natura als patis escolars. En Pitu i la Carme ens han animat a compartir aquest manifest amb tothom, aix\u00ed que aqu\u00ed el teniu:<\/p>\n<p style=\"text-align: center;\"><a href=\"https:\/\/drive.google.com\/file\/d\/1DuAH5iwXgg0pSOW-q3C_rTe9KvbF9ITr\/view?usp=sharing\" target=\"_blank\" rel=\"noopener noreferrer\"><strong>MANIFEST &#8220;A FORA&#8221;<\/strong><\/a><\/p>\n<p><a href=\"http:\/\/agora.xtec.cat\/ceipbalmes\/wp-content\/uploads\/usu527\/2018\/06\/hort-escolar.jpg\"><img loading=\"lazy\" decoding=\"async\" class=\"size-full wp-image-889 aligncenter\" src=\"http:\/\/agora.xtec.cat\/ceipbalmes\/wp-content\/uploads\/usu527\/2018\/06\/hort-escolar.jpg\" alt=\"\" width=\"960\" height=\"960\" srcset=\"https:\/\/agora.xtec.cat\/ceipbalmes\/wp-content\/uploads\/usu527\/2018\/06\/hort-escolar.jpg 960w, https:\/\/agora.xtec.cat\/ceipbalmes\/wp-content\/uploads\/usu527\/2018\/06\/hort-escolar-150x150.jpg 150w, https:\/\/agora.xtec.cat\/ceipbalmes\/wp-content\/uploads\/usu527\/2018\/06\/hort-escolar-300x300.jpg 300w, https:\/\/agora.xtec.cat\/ceipbalmes\/wp-content\/uploads\/usu527\/2018\/06\/hort-escolar-768x768.jpg 768w\" sizes=\"auto, (max-width: 960px) 100vw, 960px\" \/><\/a><\/p>\n<p>Esperem que us agradi el seu contingut i que alguna de les reflexions que hi llegiu sobre la bellesa, el risc, el silenci,&#8230; us ressonin positivament. A l\u2019escola Jaume Balmes apostem per una educaci\u00f3 vivencial i propera, per aix\u00f2 activitats com l\u2019hort escolar o les sortides al bosc s\u00f3n cabdals al projecte educatiu del centre.<\/p>\n<p><a href=\"http:\/\/agora.xtec.cat\/ceipbalmes\/wp-content\/uploads\/usu527\/2018\/06\/bosc.jpg\"><img loading=\"lazy\" decoding=\"async\" class=\"size-full wp-image-890 aligncenter\" src=\"http:\/\/agora.xtec.cat\/ceipbalmes\/wp-content\/uploads\/usu527\/2018\/06\/bosc.jpg\" alt=\"\" width=\"960\" height=\"960\" srcset=\"https:\/\/agora.xtec.cat\/ceipbalmes\/wp-content\/uploads\/usu527\/2018\/06\/bosc.jpg 960w, https:\/\/agora.xtec.cat\/ceipbalmes\/wp-content\/uploads\/usu527\/2018\/06\/bosc-150x150.jpg 150w, https:\/\/agora.xtec.cat\/ceipbalmes\/wp-content\/uploads\/usu527\/2018\/06\/bosc-300x300.jpg 300w, https:\/\/agora.xtec.cat\/ceipbalmes\/wp-content\/uploads\/usu527\/2018\/06\/bosc-768x768.jpg 768w\" sizes=\"auto, (max-width: 960px) 100vw, 960px\" \/><\/a><\/p>\n<p>Seguim treballant per dissenyar espais rics en propostes, on nenes i nens puguin moure\u2019s lliurement, jugar i experimentar, fent de les seves descobertes nous aprenentatges.<\/p>\n<p style=\"text-align: center;\">Gr\u00e0cies a totes les persones que feu i viviu l&#8217;escola cada dia!<\/p>\n","protected":false},"excerpt":{"rendered":"<p>El manifest<a href=\"https:\/\/drive.google.com\/file\/d\/1DuAH5iwXgg0pSOW-q3C_rTe9KvbF9ITr\/view?usp=sharing\" target=\"_blank\" rel=\"noopener noreferrer\"> A FORA<\/a> el van elaborar diversos autors en el context de l\u2019associaci\u00f3 Bambini e Natura de la ciutat de Mil\u00e0. \u00c9s un manifest particular, manuscrit, fruit del treball artesanal de la il\u00b7lustradora Sara Vincetti, que recull molts pensaments i&hellip;  <a href=\"https:\/\/agora.xtec.cat\/ceipbalmes\/general\/manifest-per-estar-a-fora\/\" title=\"Read MANIFEST PER ESTAR \u201cA FORA\u201d\">Llegeix m\u00e9s\u00bb<\/a><\/p>\n","protected":false},"author":1,"featured_media":888,"comment_status":"open","ping_status":"closed","sticky":false,"template":"","format":"standard","meta":{"_bbp_topic_count":0,"_bbp_reply_count":0,"_bbp_total_topic_count":0,"_bbp_total_reply_count":0,"_bbp_voice_count":0,"_bbp_anonymous_reply_count":0,"_bbp_topic_count_hidden":0,"_bbp_reply_count_hidden":0,"_bbp_forum_subforum_count":0,"footnotes":""},"categories":[1],"tags":[],"class_list":["post-885","post","type-post","status-publish","format-standard","has-post-thumbnail","hentry","category-general"],"post_mailing_queue_ids":[],"_links":{"self":[{"href":"https:\/\/agora.xtec.cat\/ceipbalmes\/wp-json\/wp\/v2\/posts\/885","targetHints":{"allow":["GET"]}}],"collection":[{"href":"https:\/\/agora.xtec.cat\/ceipbalmes\/wp-json\/wp\/v2\/posts"}],"about":[{"href":"https:\/\/agora.xtec.cat\/ceipbalmes\/wp-json\/wp\/v2\/types\/post"}],"author":[{"embeddable":true,"href":"https:\/\/agora.xtec.cat\/ceipbalmes\/wp-json\/wp\/v2\/users\/1"}],"replies":[{"embeddable":true,"href":"https:\/\/agora.xtec.cat\/ceipbalmes\/wp-json\/wp\/v2\/comments?post=885"}],"version-history":[{"count":3,"href":"https:\/\/agora.xtec.cat\/ceipbalmes\/wp-json\/wp\/v2\/posts\/885\/revisions"}],"predecessor-version":[{"id":896,"href":"https:\/\/agora.xtec.cat\/ceipbalmes\/wp-json\/wp\/v2\/posts\/885\/revisions\/896"}],"wp:featuredmedia":[{"embeddable":true,"href":"https:\/\/agora.xtec.cat\/ceipbalmes\/wp-json\/wp\/v2\/media\/888"}],"wp:attachment":[{"href":"https:\/\/agora.xtec.cat\/ceipbalmes\/wp-json\/wp\/v2\/media?parent=885"}],"wp:term":[{"taxonomy":"category","embeddable":true,"href":"https:\/\/agora.xtec.cat\/ceipbalmes\/wp-json\/wp\/v2\/categories?post=885"},{"taxonomy":"post_tag","embeddable":true,"href":"https:\/\/agora.xtec.cat\/ceipbalmes\/wp-json\/wp\/v2\/tags?post=885"}],"curies":[{"name":"wp","href":"https:\/\/api.w.org\/{rel}","templated":true}]}}