{"id":883,"date":"2018-05-15T13:38:38","date_gmt":"2018-05-15T11:38:38","guid":{"rendered":"http:\/\/agora.xtec.cat\/ceipbalmes\/?p=883"},"modified":"2018-05-15T13:39:31","modified_gmt":"2018-05-15T11:39:31","slug":"reunio-casal-destiu","status":"publish","type":"post","link":"https:\/\/agora.xtec.cat\/ceipbalmes\/general\/reunio-casal-destiu\/","title":{"rendered":"REUNI\u00d3 CASAL D&#8217;ESTIU"},"content":{"rendered":"<p style=\"text-align: left;\">La oferta d&#8217;activitats d&#8217;estiu la gestiona directament l&#8217;AMPA i forma part del Projecte\u00a0<a href=\"http:\/\/www.fbofill.cat\/projectes\/educacio360\">Educaci\u00f3 360<\/a>, incentivat per l&#8217;Ajuntament de Castellbell i el Vilar.<\/p>\n<p style=\"font-weight: 400;\">El <strong>dimecres 16 de maig a les 7 de la tarda\u00a0<\/strong>a l\u2019escola es far\u00e0 una primera reuni\u00f3 informativa per a presentar el\u00a0<strong><em>nou projecte educatiu i les principals novetats del\u00a0Casal\u00a0d\u2019estiu\u00a0d\u2019aquest any<\/em><\/strong>.<br \/>\n<a href=\"http:\/\/agora.xtec.cat\/ceipbalmes\/wp-content\/uploads\/usu527\/2014\/09\/CASAL-DESTIU-2018.jpg\"><img loading=\"lazy\" decoding=\"async\" class=\"size-full wp-image-881 aligncenter\" src=\"http:\/\/agora.xtec.cat\/ceipbalmes\/wp-content\/uploads\/usu527\/2014\/09\/CASAL-DESTIU-2018.jpg\" alt=\"\" width=\"555\" height=\"785\" srcset=\"https:\/\/agora.xtec.cat\/ceipbalmes\/wp-content\/uploads\/usu527\/2014\/09\/CASAL-DESTIU-2018.jpg 555w, https:\/\/agora.xtec.cat\/ceipbalmes\/wp-content\/uploads\/usu527\/2014\/09\/CASAL-DESTIU-2018-212x300.jpg 212w\" sizes=\"auto, (max-width: 555px) 100vw, 555px\" \/><\/a>El canvi m\u00e9s important\u00a0d\u2019aquest any \u00e9s l\u2019empresa que gestionar\u00e0 el\u00a0Casald\u2019estiu\u00a0, que s\u2019organitza des de l\u2019AMPA de l\u2019escola Jaume Balmes amb la col\u00b7laboraci\u00f3 de l\u2019\u00e0rea\u00a0d\u2019inf\u00e0ncia i joventut de l\u2019Ajuntament de Castellbell i el Vilar.<\/p>\n<p style=\"font-weight: 400;\">El projecte educatiu\u00a0d\u2019aquest any seguir\u00e0 el fil conductor de\u00a0<strong>viatgers en el temps<\/strong>\u00a0i est\u00e0 molt vinculat al nostre territori, \u00a0tant per les activitats que es plantegen , com tamb\u00e9 per la\u00a0<strong><em>llarga traject\u00f2ria en el m\u00f3n\u00a0d\u2019educaci\u00f3 en el lleure que t\u00e9 la Fundaci\u00f3 La Xarranca \u2013 CAE al nostre municipi i a la Comarca del Bages.<\/em><\/strong><\/p>\n","protected":false},"excerpt":{"rendered":"<p>La oferta d&#8217;activitats d&#8217;estiu la gestiona directament l&#8217;AMPA i forma part del Projecte\u00a0<a href=\"http:\/\/www.fbofill.cat\/projectes\/educacio360\">Educaci\u00f3 360<\/a>, incentivat per l&#8217;Ajuntament de Castellbell i el Vilar.<br \/>\nEl dimecres 16 de maig a les 7 de la tarda\u00a0a l\u2019escola es far\u00e0 una primera reuni\u00f3 informativa per a presentar el\u00a0nou projecte&hellip;  <a href=\"https:\/\/agora.xtec.cat\/ceipbalmes\/general\/reunio-casal-destiu\/\" title=\"Read REUNI\u00d3 CASAL D&#8217;ESTIU\">Llegeix m\u00e9s\u00bb<\/a><\/p>\n","protected":false},"author":1,"featured_media":881,"comment_status":"open","ping_status":"closed","sticky":false,"template":"","format":"standard","meta":{"_bbp_topic_count":0,"_bbp_reply_count":0,"_bbp_total_topic_count":0,"_bbp_total_reply_count":0,"_bbp_voice_count":0,"_bbp_anonymous_reply_count":0,"_bbp_topic_count_hidden":0,"_bbp_reply_count_hidden":0,"_bbp_forum_subforum_count":0,"footnotes":""},"categories":[7,1],"tags":[],"class_list":["post-883","post","type-post","status-publish","format-standard","has-post-thumbnail","hentry","category-afa","category-general"],"post_mailing_queue_ids":[],"_links":{"self":[{"href":"https:\/\/agora.xtec.cat\/ceipbalmes\/wp-json\/wp\/v2\/posts\/883","targetHints":{"allow":["GET"]}}],"collection":[{"href":"https:\/\/agora.xtec.cat\/ceipbalmes\/wp-json\/wp\/v2\/posts"}],"about":[{"href":"https:\/\/agora.xtec.cat\/ceipbalmes\/wp-json\/wp\/v2\/types\/post"}],"author":[{"embeddable":true,"href":"https:\/\/agora.xtec.cat\/ceipbalmes\/wp-json\/wp\/v2\/users\/1"}],"replies":[{"embeddable":true,"href":"https:\/\/agora.xtec.cat\/ceipbalmes\/wp-json\/wp\/v2\/comments?post=883"}],"version-history":[{"count":1,"href":"https:\/\/agora.xtec.cat\/ceipbalmes\/wp-json\/wp\/v2\/posts\/883\/revisions"}],"predecessor-version":[{"id":884,"href":"https:\/\/agora.xtec.cat\/ceipbalmes\/wp-json\/wp\/v2\/posts\/883\/revisions\/884"}],"wp:featuredmedia":[{"embeddable":true,"href":"https:\/\/agora.xtec.cat\/ceipbalmes\/wp-json\/wp\/v2\/media\/881"}],"wp:attachment":[{"href":"https:\/\/agora.xtec.cat\/ceipbalmes\/wp-json\/wp\/v2\/media?parent=883"}],"wp:term":[{"taxonomy":"category","embeddable":true,"href":"https:\/\/agora.xtec.cat\/ceipbalmes\/wp-json\/wp\/v2\/categories?post=883"},{"taxonomy":"post_tag","embeddable":true,"href":"https:\/\/agora.xtec.cat\/ceipbalmes\/wp-json\/wp\/v2\/tags?post=883"}],"curies":[{"name":"wp","href":"https:\/\/api.w.org\/{rel}","templated":true}]}}