{"id":784,"date":"2018-04-04T13:43:42","date_gmt":"2018-04-04T11:43:42","guid":{"rendered":"http:\/\/agora.xtec.cat\/ceipbalmes\/?p=784"},"modified":"2018-05-08T09:31:26","modified_gmt":"2018-05-08T07:31:26","slug":"visita-eulalia-canal","status":"publish","type":"post","link":"https:\/\/agora.xtec.cat\/ceipbalmes\/general\/visita-eulalia-canal\/","title":{"rendered":"Ens visita l&#8217;Eul\u00e0lia Canal"},"content":{"rendered":"<p>El passat 9 de mar\u00e7 ens va visitar l&#8217;autora Eul\u00e0lia Canal. Els nens i nenes de 3r vam poder fer-li preguntes sobre el seu llibre &#8220;Un somni dins el mitj\u00f3&#8221;\u00a0 i sobre l&#8217;apassionant ofici d&#8217;escriptor.<\/p>\n<p><a href=\"http:\/\/agora.xtec.cat\/ceipbalmes\/wp-content\/uploads\/usu527\/2018\/04\/Eul\u00e0lia-Canal.jpg\"><img loading=\"lazy\" decoding=\"async\" class=\"size-large wp-image-829 aligncenter\" src=\"http:\/\/agora.xtec.cat\/ceipbalmes\/wp-content\/uploads\/usu527\/2018\/04\/Eul\u00e0lia-Canal-1024x768.jpg\" alt=\"\" width=\"1024\" height=\"768\" srcset=\"https:\/\/agora.xtec.cat\/ceipbalmes\/wp-content\/uploads\/usu527\/2018\/04\/Eul\u00e0lia-Canal-1024x768.jpg 1024w, https:\/\/agora.xtec.cat\/ceipbalmes\/wp-content\/uploads\/usu527\/2018\/04\/Eul\u00e0lia-Canal-300x225.jpg 300w, https:\/\/agora.xtec.cat\/ceipbalmes\/wp-content\/uploads\/usu527\/2018\/04\/Eul\u00e0lia-Canal-768x576.jpg 768w, https:\/\/agora.xtec.cat\/ceipbalmes\/wp-content\/uploads\/usu527\/2018\/04\/Eul\u00e0lia-Canal-200x150.jpg 200w, https:\/\/agora.xtec.cat\/ceipbalmes\/wp-content\/uploads\/usu527\/2018\/04\/Eul\u00e0lia-Canal.jpg 1191w\" sizes=\"auto, (max-width: 1024px) 100vw, 1024px\" \/><\/a><\/p>\n<p><a href=\"https:\/\/photos.app.goo.gl\/HcsgzNJUCJd8MLY93\"><img loading=\"lazy\" decoding=\"async\" class=\"alignnone size-large\" src=\"https:\/\/lh3.googleusercontent.com\/Uv8tJnU8HCOci2wWm3p2k-cQF-KPe2SKPwue0ydzeYYZd0PgC4uKROShi2zL3YuNck7ur2Gef_JGRatMw5e2anu1NOlXMB4WiXiWdsaWvtdnjcU-Rf6Bda8UbWqWlfKoMuFEuVZI-GxGMSAE_XP8PuwwD7dH9R-noE6e3ejADc1v7X1F_i_SWcBoqbzC6jcKNyaKpMzLHgUmhgfQ9WZaMHzd8dKrZNXNXnchldyuEtkGkZKEXbpsOv1tzTjf6_zJFLk2bYOn1gbjXja9DASO-rw3JfKER0iMW4RXG5ww-CeZNqmnFeDbNbOittjzWCaT8sdQ_RueXVm30L0_976iq5jpGD02YCddNDQ7JzmLrpdzZCUyNE2mA_GJgAQp5-JYYA6JF6u6ty1hJj2zkZ-89UvL_52mFWLrxxkDLm-zZI0V0CaR8aFy4KltF2N_COomA3SQ_5UOz5B0Dw-BwCtLfNHW7SJY_X-9fAwzMaFCObOs0yZvKIiukbrHaBpaosUDZXbEVlEJ2Nq-1FCevI5pFcazwpLz0EukOulp60U1KXDNTg_FhhYQeUoKCu3V4tB8P5jTtKTwnwJuhfvzEwlEsaWO6OyZ2be93Yc0ghY=w812-h609-no\" width=\"812\" height=\"609\" \/><\/a><\/p>\n","protected":false},"excerpt":{"rendered":"<p>El passat 9 de mar\u00e7 ens va visitar l&#8217;autora Eul\u00e0lia Canal. Els nens i nenes de 3r vam poder fer-li preguntes sobre el seu llibre &#8220;Un somni dins el mitj\u00f3&#8221;\u00a0 i sobre l&#8217;apassionant ofici d&#8217;escriptor.<br \/>\n<a href=\"http:\/\/agora.xtec.cat\/ceipbalmes\/wp-content\/uploads\/usu527\/2018\/04\/Eul\u00e0lia-Canal.jpg\"><\/a><br \/>\n<a href=\"https:\/\/photos.app.goo.gl\/HcsgzNJUCJd8MLY93\"><\/a><\/p>\n","protected":false},"author":10,"featured_media":0,"comment_status":"open","ping_status":"closed","sticky":false,"template":"","format":"standard","meta":{"_bbp_topic_count":0,"_bbp_reply_count":0,"_bbp_total_topic_count":0,"_bbp_total_reply_count":0,"_bbp_voice_count":0,"_bbp_anonymous_reply_count":0,"_bbp_topic_count_hidden":0,"_bbp_reply_count_hidden":0,"_bbp_forum_subforum_count":0,"footnotes":""},"categories":[1],"tags":[],"class_list":["post-784","post","type-post","status-publish","format-standard","hentry","category-general"],"post_mailing_queue_ids":[],"_links":{"self":[{"href":"https:\/\/agora.xtec.cat\/ceipbalmes\/wp-json\/wp\/v2\/posts\/784","targetHints":{"allow":["GET"]}}],"collection":[{"href":"https:\/\/agora.xtec.cat\/ceipbalmes\/wp-json\/wp\/v2\/posts"}],"about":[{"href":"https:\/\/agora.xtec.cat\/ceipbalmes\/wp-json\/wp\/v2\/types\/post"}],"author":[{"embeddable":true,"href":"https:\/\/agora.xtec.cat\/ceipbalmes\/wp-json\/wp\/v2\/users\/10"}],"replies":[{"embeddable":true,"href":"https:\/\/agora.xtec.cat\/ceipbalmes\/wp-json\/wp\/v2\/comments?post=784"}],"version-history":[{"count":3,"href":"https:\/\/agora.xtec.cat\/ceipbalmes\/wp-json\/wp\/v2\/posts\/784\/revisions"}],"predecessor-version":[{"id":830,"href":"https:\/\/agora.xtec.cat\/ceipbalmes\/wp-json\/wp\/v2\/posts\/784\/revisions\/830"}],"wp:attachment":[{"href":"https:\/\/agora.xtec.cat\/ceipbalmes\/wp-json\/wp\/v2\/media?parent=784"}],"wp:term":[{"taxonomy":"category","embeddable":true,"href":"https:\/\/agora.xtec.cat\/ceipbalmes\/wp-json\/wp\/v2\/categories?post=784"},{"taxonomy":"post_tag","embeddable":true,"href":"https:\/\/agora.xtec.cat\/ceipbalmes\/wp-json\/wp\/v2\/tags?post=784"}],"curies":[{"name":"wp","href":"https:\/\/api.w.org\/{rel}","templated":true}]}}