{"id":765,"date":"2018-03-22T14:02:39","date_gmt":"2018-03-22T13:02:39","guid":{"rendered":"http:\/\/agora.xtec.cat\/ceipbalmes\/?p=765"},"modified":"2018-03-22T14:03:48","modified_gmt":"2018-03-22T13:03:48","slug":"la-casa-de-colonies-la-granja","status":"publish","type":"post","link":"https:\/\/agora.xtec.cat\/ceipbalmes\/general\/la-casa-de-colonies-la-granja\/","title":{"rendered":"La casa de col\u00f2nies. La Granja."},"content":{"rendered":"<p>El proper 4, 5 i 6 d&#8217;abril anem de col\u00f2nies, us passo l&#8217;enlla\u00e7 perqu\u00e8 conegueu la casa i les activitats que es fan, cliqueu la foto per descobrir-ho!<\/p>\n<p><a href=\"https:\/\/www.lagranja.cat\/ca\/activitats\/escoles-i-instituts\/colonies\"><img loading=\"lazy\" decoding=\"async\" class=\"alignnone \" src=\"http:\/\/www.lagranja.cat\/imatge\/2358\/IMG_0001-planol.jpg?amplada-maxima=550\" width=\"270\" height=\"198\" \/><\/a><\/p>\n","protected":false},"excerpt":{"rendered":"<p>El proper 4, 5 i 6 d&#8217;abril anem de col\u00f2nies, us passo l&#8217;enlla\u00e7 perqu\u00e8 conegueu la casa i les activitats que es fan, cliqueu la foto per descobrir-ho!<br \/>\n<a href=\"https:\/\/www.lagranja.cat\/ca\/activitats\/escoles-i-instituts\/colonies\"><\/a><\/p>\n","protected":false},"author":11,"featured_media":775,"comment_status":"open","ping_status":"closed","sticky":false,"template":"","format":"standard","meta":{"_bbp_topic_count":0,"_bbp_reply_count":0,"_bbp_total_topic_count":0,"_bbp_total_reply_count":0,"_bbp_voice_count":0,"_bbp_anonymous_reply_count":0,"_bbp_topic_count_hidden":0,"_bbp_reply_count_hidden":0,"_bbp_forum_subforum_count":0,"footnotes":""},"categories":[15,14,1],"tags":[],"class_list":["post-765","post","type-post","status-publish","format-standard","has-post-thumbnail","hentry","category-6e","category-6e-a","category-general"],"post_mailing_queue_ids":[],"_links":{"self":[{"href":"https:\/\/agora.xtec.cat\/ceipbalmes\/wp-json\/wp\/v2\/posts\/765","targetHints":{"allow":["GET"]}}],"collection":[{"href":"https:\/\/agora.xtec.cat\/ceipbalmes\/wp-json\/wp\/v2\/posts"}],"about":[{"href":"https:\/\/agora.xtec.cat\/ceipbalmes\/wp-json\/wp\/v2\/types\/post"}],"author":[{"embeddable":true,"href":"https:\/\/agora.xtec.cat\/ceipbalmes\/wp-json\/wp\/v2\/users\/11"}],"replies":[{"embeddable":true,"href":"https:\/\/agora.xtec.cat\/ceipbalmes\/wp-json\/wp\/v2\/comments?post=765"}],"version-history":[{"count":2,"href":"https:\/\/agora.xtec.cat\/ceipbalmes\/wp-json\/wp\/v2\/posts\/765\/revisions"}],"predecessor-version":[{"id":779,"href":"https:\/\/agora.xtec.cat\/ceipbalmes\/wp-json\/wp\/v2\/posts\/765\/revisions\/779"}],"wp:featuredmedia":[{"embeddable":true,"href":"https:\/\/agora.xtec.cat\/ceipbalmes\/wp-json\/wp\/v2\/media\/775"}],"wp:attachment":[{"href":"https:\/\/agora.xtec.cat\/ceipbalmes\/wp-json\/wp\/v2\/media?parent=765"}],"wp:term":[{"taxonomy":"category","embeddable":true,"href":"https:\/\/agora.xtec.cat\/ceipbalmes\/wp-json\/wp\/v2\/categories?post=765"},{"taxonomy":"post_tag","embeddable":true,"href":"https:\/\/agora.xtec.cat\/ceipbalmes\/wp-json\/wp\/v2\/tags?post=765"}],"curies":[{"name":"wp","href":"https:\/\/api.w.org\/{rel}","templated":true}]}}