{"id":730,"date":"2018-03-22T13:35:12","date_gmt":"2018-03-22T12:35:12","guid":{"rendered":"http:\/\/agora.xtec.cat\/ceipbalmes\/?p=730"},"modified":"2018-03-22T13:48:38","modified_gmt":"2018-03-22T12:48:38","slug":"sortida-a-st-llorenc-del-munt-i-lobac","status":"publish","type":"post","link":"https:\/\/agora.xtec.cat\/ceipbalmes\/primaria\/grans\/6e\/sortida-a-st-llorenc-del-munt-i-lobac\/","title":{"rendered":"Sortida a St.Lloren\u00e7 del Munt i l&#8217;Obac"},"content":{"rendered":"<p>Bon dia fam\u00edlies, el passat 6 de mar\u00e7 vam fer una sortida al parc Natural de St Lloren\u00e7 del Munt i l&#8217;Obac, vam gaudir de la natura m\u00e9s propera i tamb\u00e9 ens van ensenyar la fauna i la flora, valorar-la i protegir-la. Va ser una sortida molt maca on els nens i les nenes s&#8217;ho van passar d&#8217;all\u00f2 m\u00e9s b\u00e9!<\/p>\n<p>Si cliqueu a sobre de la foto trobareu m\u00e9s fotos de la sortida.<\/p>\n<p><a href=\"https:\/\/photos.google.com\/album\/AF1QipOTfJODyr-ccQi_Xkrp6sApQ6aLnPdizrW203og\" target=\"_blank\" rel=\"noopener noreferrer\"><img loading=\"lazy\" decoding=\"async\" class=\"alignnone \" src=\"https:\/\/lh3.googleusercontent.com\/Iq7_ThpC9bMKXbdGvDXp6vP6oqF7Jf3CbnYkBsh_FPQdR6EthzcCR4w2riFrBI2luMxhREpCskKmjBTjV3ehObbd7Ud-qD9Ah73ahQ42sDrohVy37u2Q5fkNRCXg_yErmRWKF1KmRI8uKT61SRnYYnl5mSn08AlaQC5-uS9EeqQAMWcasv_9H_LYMqvL2ihQX4g3_CYAdOxLXLJzCdbzKUCuEuSC6Nz_96tCejDiu4AP-jbQYteKPTlokjVmuVmAnDHs5gidUiX0cd7knbvJyXrpx7XgeDGsodwuZ8XpELFqDrmdoifYYINF3Pn-GFi8kylaLtZ9AvhHCpDrNAYrJEANdNWo6n-h7fY4ltivUg_TiIidH7B22LRb-rMJ5116YTFfT9Tl9SpWa31IJfkWgObXqNj2ovIvcXVMamCXIskBDbZDMmo5GuxSz7zqkm0Rr4NiqMv2uzNGcwgWa7eOqxXpziokPKK0ho6PqLwBLkqKyrG43xuDPa6epi7aPR0zxHFbcZC25nS9l1vlLldirysQViIGIQVNHkRZ2dAzUYwAIwntwV5D0GSsGU3NWHYOnBIkWZpaVmF_NGWsO5v_64O50AiWcxGFxs92fYo=w996-h662-no\" width=\"249\" height=\"166\" \/><\/a><\/p>\n","protected":false},"excerpt":{"rendered":"<p>Bon dia fam\u00edlies, el passat 6 de mar\u00e7 vam fer una sortida al parc Natural de St Lloren\u00e7 del Munt i l&#8217;Obac, vam gaudir de la natura m\u00e9s propera i tamb\u00e9 ens van ensenyar la fauna i la flora, valorar-la i protegir-la. Va ser una&hellip;  <a href=\"https:\/\/agora.xtec.cat\/ceipbalmes\/primaria\/grans\/6e\/sortida-a-st-llorenc-del-munt-i-lobac\/\" title=\"Read Sortida a St.Lloren\u00e7 del Munt i l&#8217;Obac\">Llegeix m\u00e9s\u00bb<\/a><\/p>\n","protected":false},"author":11,"featured_media":0,"comment_status":"open","ping_status":"closed","sticky":false,"template":"","format":"standard","meta":{"_bbp_topic_count":0,"_bbp_reply_count":0,"_bbp_total_topic_count":0,"_bbp_total_reply_count":0,"_bbp_voice_count":0,"_bbp_anonymous_reply_count":0,"_bbp_topic_count_hidden":0,"_bbp_reply_count_hidden":0,"_bbp_forum_subforum_count":0,"footnotes":""},"categories":[15,26],"tags":[],"class_list":["post-730","post","type-post","status-publish","format-standard","hentry","category-6e","category-grans"],"post_mailing_queue_ids":[],"_links":{"self":[{"href":"https:\/\/agora.xtec.cat\/ceipbalmes\/wp-json\/wp\/v2\/posts\/730","targetHints":{"allow":["GET"]}}],"collection":[{"href":"https:\/\/agora.xtec.cat\/ceipbalmes\/wp-json\/wp\/v2\/posts"}],"about":[{"href":"https:\/\/agora.xtec.cat\/ceipbalmes\/wp-json\/wp\/v2\/types\/post"}],"author":[{"embeddable":true,"href":"https:\/\/agora.xtec.cat\/ceipbalmes\/wp-json\/wp\/v2\/users\/11"}],"replies":[{"embeddable":true,"href":"https:\/\/agora.xtec.cat\/ceipbalmes\/wp-json\/wp\/v2\/comments?post=730"}],"version-history":[{"count":3,"href":"https:\/\/agora.xtec.cat\/ceipbalmes\/wp-json\/wp\/v2\/posts\/730\/revisions"}],"predecessor-version":[{"id":755,"href":"https:\/\/agora.xtec.cat\/ceipbalmes\/wp-json\/wp\/v2\/posts\/730\/revisions\/755"}],"wp:attachment":[{"href":"https:\/\/agora.xtec.cat\/ceipbalmes\/wp-json\/wp\/v2\/media?parent=730"}],"wp:term":[{"taxonomy":"category","embeddable":true,"href":"https:\/\/agora.xtec.cat\/ceipbalmes\/wp-json\/wp\/v2\/categories?post=730"},{"taxonomy":"post_tag","embeddable":true,"href":"https:\/\/agora.xtec.cat\/ceipbalmes\/wp-json\/wp\/v2\/tags?post=730"}],"curies":[{"name":"wp","href":"https:\/\/api.w.org\/{rel}","templated":true}]}}