{"id":702,"date":"2018-03-22T13:54:01","date_gmt":"2018-03-22T12:54:01","guid":{"rendered":"http:\/\/agora.xtec.cat\/ceipbalmes\/?p=702"},"modified":"2018-03-22T13:54:01","modified_gmt":"2018-03-22T12:54:01","slug":"tallers-de-plastica","status":"publish","type":"post","link":"https:\/\/agora.xtec.cat\/ceipbalmes\/general\/tallers-de-plastica\/","title":{"rendered":"TALLERS DE PL\u00c0STICA"},"content":{"rendered":"<p>Els dilluns a la tarda fem tallers de pl\u00e0stica al Cicle Mitj\u00e0. Els tallers s\u00f3n de diferents t\u00e8cniques pl\u00e0stiques: collage, modelatge de fang, m\u00e0scares de guix i puntillisme. Recentment tamb\u00e9 hem afegit un taller nou de creaci\u00f3 amb materials de reciclatge.<\/p>\n<p>Aqu\u00ed us deixem unes fotos perqu\u00e8 feu un cop d&#8217;ull.<\/p>\n<p>Salutacions cordials<\/p>\n<p>.<a href=\"https:\/\/photos.app.goo.gl\/kDZFDTkDKs19VOhf1\" target=\"_blank\" rel=\"noopener noreferrer\"><img loading=\"lazy\" decoding=\"async\" class=\"alignnone size-large\" src=\"https:\/\/lh3.googleusercontent.com\/vB7L_AfXFLFfb6go9CaM5mPkOP0CybY9LGFvbAhcq7rXWe6CfuIr8WKe--pnlxp7quLhBffpKuy4HZG-hTsXYGbPFzUNzZzg2faoXNH7qPjo8HVTrTVZqJWnhvbjFL6h7MPmtTmSUjNq7TIF4Pjz7NILaPh1xuBPKnMBB0sXqpyM7QTp9Nx--ozqYJHxDW9xHPPEsRZNqYm03pmj7rhGjdFnerTrY3jDS39Tn8Bheh44iIqnjG6dAsfekecPi9iOSejUKcr_oV9mZAanksApYUoQ3kSTnztYfVo50E459TxooupeaNogScdnKKhNLCvHLeluAj4Ksi_p_Ei6VWOcdwLqRXm69C1oCcTzFieNx_KYBUenI1qwbto1kxIRyh8hb2WN7bMFBj-C9UjWzrDe4-kpwEfhKYMyxiDEf4QIkL3bPaJmI-0V8fopgMSJjZpdxZr4muZBu96zpX6ziL16mt421etDwcU6LLvo4PSkCvQCo6PtS-FwZvjedbKGynRjrsYWiOA_DcusVFEVjgvqVunzuzzMIGGFqPm3f52-D76Vik9pHoZCtG7-ZE-xCTB2fQqvT4fGNt-if7CsVroqJ3Anab0iiWRu7ayEB7pgs4i7kg5751emfn5vLxRaB01hIHKbIzWUtOeJDk-aSaPZzIHsbjd5a_3e=w396-h297-no\" width=\"396\" height=\"297\" \/><\/a><\/p>\n<p>&nbsp;<\/p>\n<p>&nbsp;<\/p>\n","protected":false},"excerpt":{"rendered":"<p>Els dilluns a la tarda fem tallers de pl\u00e0stica al Cicle Mitj\u00e0. Els tallers s\u00f3n de diferents t\u00e8cniques pl\u00e0stiques: collage, modelatge de fang, m\u00e0scares de guix i puntillisme. Recentment tamb\u00e9 hem afegit un taller nou de creaci\u00f3 amb materials de reciclatge.<br \/>\nAqu\u00ed us deixem unes fotos&hellip;  <a href=\"https:\/\/agora.xtec.cat\/ceipbalmes\/general\/tallers-de-plastica\/\" title=\"Read TALLERS DE PL\u00c0STICA\">Llegeix m\u00e9s\u00bb<\/a><\/p>\n","protected":false},"author":10,"featured_media":0,"comment_status":"open","ping_status":"closed","sticky":false,"template":"","format":"standard","meta":{"_bbp_topic_count":0,"_bbp_reply_count":0,"_bbp_total_topic_count":0,"_bbp_total_reply_count":0,"_bbp_voice_count":0,"_bbp_anonymous_reply_count":0,"_bbp_topic_count_hidden":0,"_bbp_reply_count_hidden":0,"_bbp_forum_subforum_count":0,"footnotes":""},"categories":[25,1],"tags":[],"class_list":["post-702","post","type-post","status-publish","format-standard","hentry","category-cicle-mitja","category-general"],"post_mailing_queue_ids":[],"_links":{"self":[{"href":"https:\/\/agora.xtec.cat\/ceipbalmes\/wp-json\/wp\/v2\/posts\/702","targetHints":{"allow":["GET"]}}],"collection":[{"href":"https:\/\/agora.xtec.cat\/ceipbalmes\/wp-json\/wp\/v2\/posts"}],"about":[{"href":"https:\/\/agora.xtec.cat\/ceipbalmes\/wp-json\/wp\/v2\/types\/post"}],"author":[{"embeddable":true,"href":"https:\/\/agora.xtec.cat\/ceipbalmes\/wp-json\/wp\/v2\/users\/10"}],"replies":[{"embeddable":true,"href":"https:\/\/agora.xtec.cat\/ceipbalmes\/wp-json\/wp\/v2\/comments?post=702"}],"version-history":[{"count":3,"href":"https:\/\/agora.xtec.cat\/ceipbalmes\/wp-json\/wp\/v2\/posts\/702\/revisions"}],"predecessor-version":[{"id":754,"href":"https:\/\/agora.xtec.cat\/ceipbalmes\/wp-json\/wp\/v2\/posts\/702\/revisions\/754"}],"wp:attachment":[{"href":"https:\/\/agora.xtec.cat\/ceipbalmes\/wp-json\/wp\/v2\/media?parent=702"}],"wp:term":[{"taxonomy":"category","embeddable":true,"href":"https:\/\/agora.xtec.cat\/ceipbalmes\/wp-json\/wp\/v2\/categories?post=702"},{"taxonomy":"post_tag","embeddable":true,"href":"https:\/\/agora.xtec.cat\/ceipbalmes\/wp-json\/wp\/v2\/tags?post=702"}],"curies":[{"name":"wp","href":"https:\/\/api.w.org\/{rel}","templated":true}]}}