{"id":671,"date":"2018-02-11T23:04:37","date_gmt":"2018-02-11T22:04:37","guid":{"rendered":"http:\/\/agora.xtec.cat\/ceipbalmes\/?p=671"},"modified":"2018-02-11T23:04:37","modified_gmt":"2018-02-11T22:04:37","slug":"desenvolupant-lautoestima-dels-nostres-nens-i-nenes","status":"publish","type":"post","link":"https:\/\/agora.xtec.cat\/ceipbalmes\/general\/desenvolupant-lautoestima-dels-nostres-nens-i-nenes\/","title":{"rendered":"DESENVOLUPANT L\u2019AUTOESTIMA DELS NOSTRES NENS I NENES"},"content":{"rendered":"<p><a href=\"http:\/\/agora.xtec.cat\/ceipbalmes\/wp-content\/uploads\/usu527\/2018\/02\/ED427CE3-D6E1-4909-B727-849D3B65B6D9.jpeg\"><img loading=\"lazy\" decoding=\"async\" class=\"alignnone size-full wp-image-672\" src=\"http:\/\/agora.xtec.cat\/ceipbalmes\/wp-content\/uploads\/usu527\/2018\/02\/ED427CE3-D6E1-4909-B727-849D3B65B6D9.jpeg\" alt=\"\" width=\"650\" height=\"300\" srcset=\"https:\/\/agora.xtec.cat\/ceipbalmes\/wp-content\/uploads\/usu527\/2018\/02\/ED427CE3-D6E1-4909-B727-849D3B65B6D9.jpeg 650w, https:\/\/agora.xtec.cat\/ceipbalmes\/wp-content\/uploads\/usu527\/2018\/02\/ED427CE3-D6E1-4909-B727-849D3B65B6D9-300x138.jpeg 300w\" sizes=\"auto, (max-width: 650px) 100vw, 650px\" \/><\/a><\/p>\n<p>L\u2019autoestima \u00e9s el conjunt de percepcions, sentiments i pensaments que una persona t\u00e9 vers si mateixa. Per\u00f2, com podem ajudar als nostres infants a pensar d\u2019una manera constructiva i realista sobre ells mateixos?<\/p>\n<p>Esperem que aquests articles puguin orientar-vos una mica, cliqueu sobre els t\u00edtols:<\/p>\n<p style=\"text-align: center;\"><a href=\"http:\/\/faros.hsjdbcn.org\/ca\/articulo\/claus-millorar-lautoestima-dels-teus-fills\">CLAUS PER MILLORAR L\u2019AUTOESTIMA DELS TEUS FILLS<\/a><\/p>\n<p style=\"text-align: center;\"><a href=\"http:\/\/www.psico.cat\/index.php\/blog-de-articles\/17-com-fomentar-lautoestima-dels-fills\">COM FOMENTAR L\u2019AUTOESTIMA DELS FILLS<\/a><\/p>\n<p>I per acabar, un v\u00eddeo simp\u00e0tic i inspirador!<\/p>\n<p><iframe loading=\"lazy\" title=\"Ni\u00f1a motivada por la ma\u00f1ana frente al espejo S\u00cd SE PUEDE\" width=\"500\" height=\"375\" src=\"https:\/\/www.youtube.com\/embed\/Iys1rd8ri8Q?feature=oembed\" frameborder=\"0\" allow=\"accelerometer; autoplay; clipboard-write; encrypted-media; gyroscope; picture-in-picture; web-share\" referrerpolicy=\"strict-origin-when-cross-origin\" allowfullscreen><\/iframe><\/p>\n","protected":false},"excerpt":{"rendered":"<p>Claus per millorar l\u2019autoestima dels nostres nens i nenes.&hellip;  <a href=\"https:\/\/agora.xtec.cat\/ceipbalmes\/general\/desenvolupant-lautoestima-dels-nostres-nens-i-nenes\/\" title=\"Read DESENVOLUPANT L\u2019AUTOESTIMA DELS NOSTRES NENS I NENES\">Llegeix m\u00e9s\u00bb<\/a><\/p>\n","protected":false},"author":1,"featured_media":672,"comment_status":"open","ping_status":"closed","sticky":false,"template":"","format":"standard","meta":{"_bbp_topic_count":0,"_bbp_reply_count":0,"_bbp_total_topic_count":0,"_bbp_total_reply_count":0,"_bbp_voice_count":0,"_bbp_anonymous_reply_count":0,"_bbp_topic_count_hidden":0,"_bbp_reply_count_hidden":0,"_bbp_forum_subforum_count":0,"footnotes":""},"categories":[1],"tags":[],"class_list":["post-671","post","type-post","status-publish","format-standard","has-post-thumbnail","hentry","category-general"],"post_mailing_queue_ids":[],"_links":{"self":[{"href":"https:\/\/agora.xtec.cat\/ceipbalmes\/wp-json\/wp\/v2\/posts\/671","targetHints":{"allow":["GET"]}}],"collection":[{"href":"https:\/\/agora.xtec.cat\/ceipbalmes\/wp-json\/wp\/v2\/posts"}],"about":[{"href":"https:\/\/agora.xtec.cat\/ceipbalmes\/wp-json\/wp\/v2\/types\/post"}],"author":[{"embeddable":true,"href":"https:\/\/agora.xtec.cat\/ceipbalmes\/wp-json\/wp\/v2\/users\/1"}],"replies":[{"embeddable":true,"href":"https:\/\/agora.xtec.cat\/ceipbalmes\/wp-json\/wp\/v2\/comments?post=671"}],"version-history":[{"count":3,"href":"https:\/\/agora.xtec.cat\/ceipbalmes\/wp-json\/wp\/v2\/posts\/671\/revisions"}],"predecessor-version":[{"id":677,"href":"https:\/\/agora.xtec.cat\/ceipbalmes\/wp-json\/wp\/v2\/posts\/671\/revisions\/677"}],"wp:featuredmedia":[{"embeddable":true,"href":"https:\/\/agora.xtec.cat\/ceipbalmes\/wp-json\/wp\/v2\/media\/672"}],"wp:attachment":[{"href":"https:\/\/agora.xtec.cat\/ceipbalmes\/wp-json\/wp\/v2\/media?parent=671"}],"wp:term":[{"taxonomy":"category","embeddable":true,"href":"https:\/\/agora.xtec.cat\/ceipbalmes\/wp-json\/wp\/v2\/categories?post=671"},{"taxonomy":"post_tag","embeddable":true,"href":"https:\/\/agora.xtec.cat\/ceipbalmes\/wp-json\/wp\/v2\/tags?post=671"}],"curies":[{"name":"wp","href":"https:\/\/api.w.org\/{rel}","templated":true}]}}