{"id":646,"date":"2018-01-16T14:38:57","date_gmt":"2018-01-16T13:38:57","guid":{"rendered":"http:\/\/agora.xtec.cat\/ceipbalmes\/?p=646"},"modified":"2018-01-16T14:38:57","modified_gmt":"2018-01-16T13:38:57","slug":"com-limitar-lus-dels-dispositius-digitals","status":"publish","type":"post","link":"https:\/\/agora.xtec.cat\/ceipbalmes\/general\/com-limitar-lus-dels-dispositius-digitals\/","title":{"rendered":"COM LIMITAR L&#8217;\u00daS DELS DISPOSITIUS DIGITALS?"},"content":{"rendered":"<h3 class=\"component__concept-title\"><img loading=\"lazy\" decoding=\"async\" class=\"aligncenter\" src=\"http:\/\/www.educac.cat\/sites\/default\/files\/styles\/concepts_list_xl\/public\/2017-12\/protecci%C3%B3%20menors.PNG?itok=RaR3WzU7\" alt=\"Icones de les diferents xarxes socials\" width=\"599\" height=\"320\" \/><\/h3>\n<h3 class=\"component__concept-title\"><\/h3>\n<h3 class=\"component__concept-title\" style=\"text-align: center;\">A continuaci\u00f3 trobareu un seguit d&#8217;articles i eines que us poden ajudar i orientar sobre com limitar l&#8217;\u00fas dels dispositius digitals i prevenir l&#8217;addicci\u00f3 a les pantalles\u00a0(cliqueu sobre els t\u00edtols).<\/h3>\n<h3 class=\"component__concept-title\" style=\"text-align: center;\">Esperem us siguin d&#8217;utilitat!<\/h3>\n<h3 class=\"component__concept-title\"><\/h3>\n<h1 class=\"headline t2\"><a href=\"http:\/\/www.cac.cat\/pfw_files\/cma\/Documents\/Diptic_Consell_internet_CA.pdf\">Protecci\u00f3 dels menors en el m\u00f3n digital<\/a><\/h1>\n<div class=\"component__concept-text\">\n<p>Guia en format d\u00edptic per a les fam\u00edlies, elaborada pel Consell de l&#8217;Audiovisual de Catalunya, amb 13 consells b\u00e0sics per ajudar-vos a trobar la l\u00ednia que separa les activitats educatives i recreatives de les que suposen riscos.<\/p>\n<\/div>\n<h1 class=\"headline t2\"><a href=\"https:\/\/criatures.ara.cat\/Connectant-vida_0_1442255769.html\">Connectant amb la vida<\/a><\/h1>\n<p>Article publicat al suplement Criatures del diari digital Ara.cat sobre l&#8217;addicci\u00f3 a Internet i als\u00a0dispositius electr\u00f2nics.<\/p>\n<h1 class=\"titol\"><a href=\"http:\/\/www.ccma.cat\/catradio\/alacarta\/el-suplement\/nens-i-dispositius-digitals-quins-limits-hem-de-posar\/audio\/983233\/#\">Nens i dispositius digitals: Quins l\u00edmits hem de posar?<\/a><\/h1>\n<p>Audio del programa de Catalunya Radio &#8220;El suplement&#8221;. Alba Castellv\u00ed, Josep Castillo i Xavi Montany\u00e0, periodista que treballa en l&#8217;\u00e0mbit dels continguts digitals a TV3, parlen dels l\u00edmits que cal posar.<\/p>\n<h1><a href=\"https:\/\/www.nuvol.com\/noticies\/deu-consells-per-evitar-la-dependencia-dels-infants-a-les-pantalles\/\">Deu consells per evitar la depend\u00e8ncia dels infants a les pantalles<\/a><\/h1>\n<p>Dec\u00e0leg que ens ajuda a posar l\u00edmit a l&#8217;\u00fas dels dispositius digitals.<\/p>\n<p>&nbsp;<\/p>\n","protected":false},"excerpt":{"rendered":"<p>Com limitar l\u00b4\u00fas dels dispositius digitals? Eines i consells per a prevenir l&#8217;addicci\u00f3 a les pantalles.&hellip;  <a href=\"https:\/\/agora.xtec.cat\/ceipbalmes\/general\/com-limitar-lus-dels-dispositius-digitals\/\" title=\"Read COM LIMITAR L&#8217;\u00daS DELS DISPOSITIUS DIGITALS?\">Llegeix m\u00e9s\u00bb<\/a><\/p>\n","protected":false},"author":1,"featured_media":649,"comment_status":"open","ping_status":"closed","sticky":false,"template":"","format":"standard","meta":{"_bbp_topic_count":0,"_bbp_reply_count":0,"_bbp_total_topic_count":0,"_bbp_total_reply_count":0,"_bbp_voice_count":0,"_bbp_anonymous_reply_count":0,"_bbp_topic_count_hidden":0,"_bbp_reply_count_hidden":0,"_bbp_forum_subforum_count":0,"footnotes":""},"categories":[1],"tags":[],"class_list":["post-646","post","type-post","status-publish","format-standard","has-post-thumbnail","hentry","category-general"],"post_mailing_queue_ids":[],"_links":{"self":[{"href":"https:\/\/agora.xtec.cat\/ceipbalmes\/wp-json\/wp\/v2\/posts\/646","targetHints":{"allow":["GET"]}}],"collection":[{"href":"https:\/\/agora.xtec.cat\/ceipbalmes\/wp-json\/wp\/v2\/posts"}],"about":[{"href":"https:\/\/agora.xtec.cat\/ceipbalmes\/wp-json\/wp\/v2\/types\/post"}],"author":[{"embeddable":true,"href":"https:\/\/agora.xtec.cat\/ceipbalmes\/wp-json\/wp\/v2\/users\/1"}],"replies":[{"embeddable":true,"href":"https:\/\/agora.xtec.cat\/ceipbalmes\/wp-json\/wp\/v2\/comments?post=646"}],"version-history":[{"count":3,"href":"https:\/\/agora.xtec.cat\/ceipbalmes\/wp-json\/wp\/v2\/posts\/646\/revisions"}],"predecessor-version":[{"id":650,"href":"https:\/\/agora.xtec.cat\/ceipbalmes\/wp-json\/wp\/v2\/posts\/646\/revisions\/650"}],"wp:featuredmedia":[{"embeddable":true,"href":"https:\/\/agora.xtec.cat\/ceipbalmes\/wp-json\/wp\/v2\/media\/649"}],"wp:attachment":[{"href":"https:\/\/agora.xtec.cat\/ceipbalmes\/wp-json\/wp\/v2\/media?parent=646"}],"wp:term":[{"taxonomy":"category","embeddable":true,"href":"https:\/\/agora.xtec.cat\/ceipbalmes\/wp-json\/wp\/v2\/categories?post=646"},{"taxonomy":"post_tag","embeddable":true,"href":"https:\/\/agora.xtec.cat\/ceipbalmes\/wp-json\/wp\/v2\/tags?post=646"}],"curies":[{"name":"wp","href":"https:\/\/api.w.org\/{rel}","templated":true}]}}