{"id":542,"date":"2017-11-23T14:01:30","date_gmt":"2017-11-23T13:01:30","guid":{"rendered":"http:\/\/agora.xtec.cat\/ceipbalmes\/?p=542"},"modified":"2017-11-23T14:11:13","modified_gmt":"2017-11-23T13:11:13","slug":"dia-de-santa-cecilia-dia-de-la-musica","status":"publish","type":"post","link":"https:\/\/agora.xtec.cat\/ceipbalmes\/general\/dia-de-santa-cecilia-dia-de-la-musica\/","title":{"rendered":"Dia de Santa Cec\u00edlia: Dia de la M\u00daSICA"},"content":{"rendered":"<p><a href=\"http:\/\/agora.xtec.cat\/ceipbalmes\/wp-content\/uploads\/usu527\/2017\/11\/IMG_0893.jpg\"><img loading=\"lazy\" decoding=\"async\" class=\"alignnone size-large wp-image-557\" src=\"http:\/\/agora.xtec.cat\/ceipbalmes\/wp-content\/uploads\/usu527\/2017\/11\/IMG_0893-1024x1024.jpg\" alt=\"\" width=\"1024\" height=\"1024\" srcset=\"https:\/\/agora.xtec.cat\/ceipbalmes\/wp-content\/uploads\/usu527\/2017\/11\/IMG_0893-1024x1024.jpg 1024w, https:\/\/agora.xtec.cat\/ceipbalmes\/wp-content\/uploads\/usu527\/2017\/11\/IMG_0893-150x150.jpg 150w, https:\/\/agora.xtec.cat\/ceipbalmes\/wp-content\/uploads\/usu527\/2017\/11\/IMG_0893-300x300.jpg 300w, https:\/\/agora.xtec.cat\/ceipbalmes\/wp-content\/uploads\/usu527\/2017\/11\/IMG_0893-768x768.jpg 768w\" sizes=\"auto, (max-width: 1024px) 100vw, 1024px\" \/><\/a><\/p>\n<p>El 22 de novembre va ser el dia de la M\u00daSICA, per aix\u00f2 a l\u2019escola van venir el Manolo acompanyat del seu contrabaix i el Toni del seu acordi\u00f3! Uns m\u00fasics de primera que ens van fer gaudir de la m\u00fasica una bona estona.<\/p>\n<p><a href=\"http:\/\/agora.xtec.cat\/ceipbalmes\/wp-content\/uploads\/usu527\/2017\/11\/IMG_0895-1.jpg\"><img loading=\"lazy\" decoding=\"async\" class=\"alignnone size-large wp-image-584\" src=\"http:\/\/agora.xtec.cat\/ceipbalmes\/wp-content\/uploads\/usu527\/2017\/11\/IMG_0895-1-1024x608.jpg\" alt=\"\" width=\"1024\" height=\"608\" srcset=\"https:\/\/agora.xtec.cat\/ceipbalmes\/wp-content\/uploads\/usu527\/2017\/11\/IMG_0895-1-1024x608.jpg 1024w, https:\/\/agora.xtec.cat\/ceipbalmes\/wp-content\/uploads\/usu527\/2017\/11\/IMG_0895-1-300x178.jpg 300w, https:\/\/agora.xtec.cat\/ceipbalmes\/wp-content\/uploads\/usu527\/2017\/11\/IMG_0895-1-768x456.jpg 768w\" sizes=\"auto, (max-width: 1024px) 100vw, 1024px\" \/><\/a><\/p>\n<p>Abans de marxar, vam acomiadiar la jornada llegint algunes frases c\u00e8lebres sobre la m\u00fasica i cantant tots plegats \u201cMirall de pau\u201d<\/p>\n<p style=\"text-align: center;\">VISCA LA M\u00daSICA!!<\/p>\n","protected":false},"excerpt":{"rendered":"<p>DIA DE LA M\u00daSICA&hellip;  <a href=\"https:\/\/agora.xtec.cat\/ceipbalmes\/general\/dia-de-santa-cecilia-dia-de-la-musica\/\" title=\"Read Dia de Santa Cec\u00edlia: Dia de la M\u00daSICA\">Llegeix m\u00e9s\u00bb<\/a><\/p>\n","protected":false},"author":1,"featured_media":557,"comment_status":"closed","ping_status":"closed","sticky":false,"template":"","format":"standard","meta":{"_bbp_topic_count":0,"_bbp_reply_count":0,"_bbp_total_topic_count":0,"_bbp_total_reply_count":0,"_bbp_voice_count":0,"_bbp_anonymous_reply_count":0,"_bbp_topic_count_hidden":0,"_bbp_reply_count_hidden":0,"_bbp_forum_subforum_count":0,"footnotes":""},"categories":[1],"tags":[],"class_list":["post-542","post","type-post","status-publish","format-standard","has-post-thumbnail","hentry","category-general"],"post_mailing_queue_ids":[],"_links":{"self":[{"href":"https:\/\/agora.xtec.cat\/ceipbalmes\/wp-json\/wp\/v2\/posts\/542","targetHints":{"allow":["GET"]}}],"collection":[{"href":"https:\/\/agora.xtec.cat\/ceipbalmes\/wp-json\/wp\/v2\/posts"}],"about":[{"href":"https:\/\/agora.xtec.cat\/ceipbalmes\/wp-json\/wp\/v2\/types\/post"}],"author":[{"embeddable":true,"href":"https:\/\/agora.xtec.cat\/ceipbalmes\/wp-json\/wp\/v2\/users\/1"}],"replies":[{"embeddable":true,"href":"https:\/\/agora.xtec.cat\/ceipbalmes\/wp-json\/wp\/v2\/comments?post=542"}],"version-history":[{"count":4,"href":"https:\/\/agora.xtec.cat\/ceipbalmes\/wp-json\/wp\/v2\/posts\/542\/revisions"}],"predecessor-version":[{"id":613,"href":"https:\/\/agora.xtec.cat\/ceipbalmes\/wp-json\/wp\/v2\/posts\/542\/revisions\/613"}],"wp:featuredmedia":[{"embeddable":true,"href":"https:\/\/agora.xtec.cat\/ceipbalmes\/wp-json\/wp\/v2\/media\/557"}],"wp:attachment":[{"href":"https:\/\/agora.xtec.cat\/ceipbalmes\/wp-json\/wp\/v2\/media?parent=542"}],"wp:term":[{"taxonomy":"category","embeddable":true,"href":"https:\/\/agora.xtec.cat\/ceipbalmes\/wp-json\/wp\/v2\/categories?post=542"},{"taxonomy":"post_tag","embeddable":true,"href":"https:\/\/agora.xtec.cat\/ceipbalmes\/wp-json\/wp\/v2\/tags?post=542"}],"curies":[{"name":"wp","href":"https:\/\/api.w.org\/{rel}","templated":true}]}}