{"id":520,"date":"2017-11-23T13:23:53","date_gmt":"2017-11-23T12:23:53","guid":{"rendered":"http:\/\/agora.xtec.cat\/ceipbalmes\/?p=520"},"modified":"2017-11-23T14:01:15","modified_gmt":"2017-11-23T13:01:15","slug":"santa-cecilia-2","status":"publish","type":"post","link":"https:\/\/agora.xtec.cat\/ceipbalmes\/primaria\/mitjans\/3r-a\/santa-cecilia-2\/","title":{"rendered":"Santa Cec\u00edlia"},"content":{"rendered":"<p>El dimecres 22 de Novembre va ser el dia de la m\u00fasica i vam assistir a un mini concert amb acordi\u00f3 i contrabaix.<\/p>\n<p>Ens ho vam passar molt b\u00e9!\u00a0 Mireu! Mireu!<\/p>\n<p>&nbsp;<\/p>\n<p><a href=\"https:\/\/photos.app.goo.gl\/35INz1LHON7M04Q22\"><img loading=\"lazy\" decoding=\"async\" class=\"alignnone \" src=\"https:\/\/lh3.googleusercontent.com\/orkRtNChcIUU2jkoqMRj_a4ci9gaxOZIAVegpQOOI_9QVGmYUuwriu9TmTLXTdEx5j0Xx2mE81wuypj3v243IAQXf7ga71F14OutGW7e0e5SewxJdiypnXvc3L4HNXhnDmRTAlZMLMLLolCkoiayJ0qmrj8l53a7RwC7OrX7uLtHu0gwHZDqdFGZOVb_GbI-0t1ho109enQlh5uxVPOhvzKfmYVu12nVBX2Lq2Cxx1WJNAXwRf-Y6iOGFireZlO95GRa0XkBqj0uHzC1lI_RTwj-mdNip_fqB8NrqxyRI1egHk1LKtK1r0_rnD27lCZXGgEjEH_J_8m9LG2SLD65V7TkTGpvHI3JWE0kw9H24QtSHmL_7RtvTbCdrEzp_AluU-4xe1bx9NYHx3eTOcGXrzTERzppkaYdFzYuk3BA_U3tW5uD11VMjKJcNOSWGOdRMbkgHpID4G2F51Wfa1Th22A-aYj3bA3T7dV2R4ZZAF1KPbAYyc50-JCqxpVLzlw6otF5EKVy7xnUgdqTd5eTFeuMNKmFYuKATL8vWzYmnAq3LXhh0KAzL5rB_Zre9pgKtEk2MEj0P0mTcKqIi8S3KgT_DGr6yjf16TwbHIP_Tw=w879-h659-no\" width=\"713\" height=\"535\" \/><\/a><\/p>\n<p>A la tarda al pati tots els nens de l&#8217;escola Jaume Balmes vam cantar la can\u00e7\u00f3 Mirall de Pau. Aqu\u00ed us la pengem per si la voleu escoltar:<\/p>\n<p><iframe loading=\"lazy\" title=\"Mirall de Pau (Amb Lletra) V\u00eddeo Oficial | D\u00d3NA LA NOTA (PeTaCa)\" width=\"500\" height=\"281\" src=\"https:\/\/www.youtube.com\/embed\/TX0W4sxV0cY?start=12&#038;feature=oembed\" frameborder=\"0\" allow=\"accelerometer; autoplay; clipboard-write; encrypted-media; gyroscope; picture-in-picture; web-share\" referrerpolicy=\"strict-origin-when-cross-origin\" allowfullscreen><\/iframe><\/p>\n<p>&nbsp;<\/p>\n<p>&nbsp;<\/p>\n<p>&nbsp;<\/p>\n","protected":false},"excerpt":{"rendered":"<p>El dimecres 22 de Novembre va ser el dia de la m\u00fasica i vam assistir a un mini concert amb acordi\u00f3 i contrabaix.<br \/>\nEns ho vam passar molt b\u00e9!\u00a0 Mireu! Mireu!<br \/>\n&nbsp;<br \/>\n<a href=\"https:\/\/photos.app.goo.gl\/35INz1LHON7M04Q22\"><\/a><br \/>\nA la tarda al pati tots els nens de l&#8217;escola Jaume Balmes vam cantar la&hellip;  <a href=\"https:\/\/agora.xtec.cat\/ceipbalmes\/primaria\/mitjans\/3r-a\/santa-cecilia-2\/\" title=\"Read Santa Cec\u00edlia\">Llegeix m\u00e9s\u00bb<\/a><\/p>\n","protected":false},"author":1,"featured_media":0,"comment_status":"closed","ping_status":"closed","sticky":false,"template":"","format":"standard","meta":{"_bbp_topic_count":0,"_bbp_reply_count":0,"_bbp_total_topic_count":0,"_bbp_total_reply_count":0,"_bbp_voice_count":0,"_bbp_anonymous_reply_count":0,"_bbp_topic_count_hidden":0,"_bbp_reply_count_hidden":0,"_bbp_forum_subforum_count":0,"footnotes":""},"categories":[11],"tags":[53],"class_list":["post-520","post","type-post","status-publish","format-standard","hentry","category-3r-a","tag-musica"],"post_mailing_queue_ids":[],"_links":{"self":[{"href":"https:\/\/agora.xtec.cat\/ceipbalmes\/wp-json\/wp\/v2\/posts\/520","targetHints":{"allow":["GET"]}}],"collection":[{"href":"https:\/\/agora.xtec.cat\/ceipbalmes\/wp-json\/wp\/v2\/posts"}],"about":[{"href":"https:\/\/agora.xtec.cat\/ceipbalmes\/wp-json\/wp\/v2\/types\/post"}],"author":[{"embeddable":true,"href":"https:\/\/agora.xtec.cat\/ceipbalmes\/wp-json\/wp\/v2\/users\/1"}],"replies":[{"embeddable":true,"href":"https:\/\/agora.xtec.cat\/ceipbalmes\/wp-json\/wp\/v2\/comments?post=520"}],"version-history":[{"count":4,"href":"https:\/\/agora.xtec.cat\/ceipbalmes\/wp-json\/wp\/v2\/posts\/520\/revisions"}],"predecessor-version":[{"id":607,"href":"https:\/\/agora.xtec.cat\/ceipbalmes\/wp-json\/wp\/v2\/posts\/520\/revisions\/607"}],"wp:attachment":[{"href":"https:\/\/agora.xtec.cat\/ceipbalmes\/wp-json\/wp\/v2\/media?parent=520"}],"wp:term":[{"taxonomy":"category","embeddable":true,"href":"https:\/\/agora.xtec.cat\/ceipbalmes\/wp-json\/wp\/v2\/categories?post=520"},{"taxonomy":"post_tag","embeddable":true,"href":"https:\/\/agora.xtec.cat\/ceipbalmes\/wp-json\/wp\/v2\/tags?post=520"}],"curies":[{"name":"wp","href":"https:\/\/api.w.org\/{rel}","templated":true}]}}