{"id":514,"date":"2017-11-23T13:23:41","date_gmt":"2017-11-23T12:23:41","guid":{"rendered":"http:\/\/agora.xtec.cat\/ceipbalmes\/?p=514"},"modified":"2017-11-23T13:59:17","modified_gmt":"2017-11-23T12:59:17","slug":"santa-cecilia","status":"publish","type":"post","link":"https:\/\/agora.xtec.cat\/ceipbalmes\/primaria\/mitjans\/1r-mitjans\/santa-cecilia\/","title":{"rendered":"Santa Cec\u00edlia"},"content":{"rendered":"<p><iframe loading=\"lazy\" title=\"Mirall de Pau (Amb Lletra) V\u00eddeo Oficial | D\u00d3NA LA NOTA (PeTaCa)\" width=\"500\" height=\"281\" src=\"https:\/\/www.youtube.com\/embed\/TX0W4sxV0cY?feature=oembed\" frameborder=\"0\" allow=\"accelerometer; autoplay; clipboard-write; encrypted-media; gyroscope; picture-in-picture; web-share\" referrerpolicy=\"strict-origin-when-cross-origin\" allowfullscreen><\/iframe><\/p>\n<p>Ahir era Santa Cec\u00edlia, la patrona de la M\u00fasica. Al mat\u00ed van venir dos m\u00fasics, en Toni i en Manolo dels Strombers, i ens van fer un concert amb un contrabaix i un acordi\u00f3. Despr\u00e9s a la tarda\u00a0els nens i nenes vam cantar Mirall de Pau al pati tots junts. Aquesta can\u00e7\u00f3 ens agrada molt i us la deixem aqu\u00ed per si la voleu cantar, ballar i escoltar. Visca la m\u00fasica!<\/p>\n","protected":false},"excerpt":{"rendered":"<p>Ahir era Santa Cec\u00edlia, la patrona de la M\u00fasica. Al mat\u00ed van venir dos m\u00fasics, en Toni i en Manolo dels Strombers, i ens van fer un concert amb un contrabaix i un acordi\u00f3. Despr\u00e9s a la tarda\u00a0els nens i nenes vam cantar Mirall de&hellip;  <a href=\"https:\/\/agora.xtec.cat\/ceipbalmes\/primaria\/mitjans\/1r-mitjans\/santa-cecilia\/\" title=\"Read Santa Cec\u00edlia\">Llegeix m\u00e9s\u00bb<\/a><\/p>\n","protected":false},"author":1,"featured_media":0,"comment_status":"closed","ping_status":"closed","sticky":false,"template":"","format":"standard","meta":{"_bbp_topic_count":0,"_bbp_reply_count":0,"_bbp_total_topic_count":0,"_bbp_total_reply_count":0,"_bbp_voice_count":0,"_bbp_anonymous_reply_count":0,"_bbp_topic_count_hidden":0,"_bbp_reply_count_hidden":0,"_bbp_forum_subforum_count":0,"footnotes":""},"categories":[23],"tags":[],"class_list":["post-514","post","type-post","status-publish","format-standard","hentry","category-1r-mitjans"],"post_mailing_queue_ids":[],"_links":{"self":[{"href":"https:\/\/agora.xtec.cat\/ceipbalmes\/wp-json\/wp\/v2\/posts\/514","targetHints":{"allow":["GET"]}}],"collection":[{"href":"https:\/\/agora.xtec.cat\/ceipbalmes\/wp-json\/wp\/v2\/posts"}],"about":[{"href":"https:\/\/agora.xtec.cat\/ceipbalmes\/wp-json\/wp\/v2\/types\/post"}],"author":[{"embeddable":true,"href":"https:\/\/agora.xtec.cat\/ceipbalmes\/wp-json\/wp\/v2\/users\/1"}],"replies":[{"embeddable":true,"href":"https:\/\/agora.xtec.cat\/ceipbalmes\/wp-json\/wp\/v2\/comments?post=514"}],"version-history":[{"count":3,"href":"https:\/\/agora.xtec.cat\/ceipbalmes\/wp-json\/wp\/v2\/posts\/514\/revisions"}],"predecessor-version":[{"id":603,"href":"https:\/\/agora.xtec.cat\/ceipbalmes\/wp-json\/wp\/v2\/posts\/514\/revisions\/603"}],"wp:attachment":[{"href":"https:\/\/agora.xtec.cat\/ceipbalmes\/wp-json\/wp\/v2\/media?parent=514"}],"wp:term":[{"taxonomy":"category","embeddable":true,"href":"https:\/\/agora.xtec.cat\/ceipbalmes\/wp-json\/wp\/v2\/categories?post=514"},{"taxonomy":"post_tag","embeddable":true,"href":"https:\/\/agora.xtec.cat\/ceipbalmes\/wp-json\/wp\/v2\/tags?post=514"}],"curies":[{"name":"wp","href":"https:\/\/api.w.org\/{rel}","templated":true}]}}