{"id":432,"date":"2017-10-17T20:05:52","date_gmt":"2017-10-17T18:05:52","guid":{"rendered":"http:\/\/agora.xtec.cat\/ceipbalmes\/?p=432"},"modified":"2017-11-23T14:17:15","modified_gmt":"2017-11-23T13:17:15","slug":"el-col%c2%b7legi-estrena-xarxa-social","status":"publish","type":"post","link":"https:\/\/agora.xtec.cat\/ceipbalmes\/general\/el-col%c2%b7legi-estrena-xarxa-social\/","title":{"rendered":"EL COL\u00b7LEGI ESTRENA XARXA SOCIAL"},"content":{"rendered":"<p>Fotografies, esdeveniments importants, petits videos,&#8230; ara pots estar m\u00e9s connectat amb el col\u00b7legi. L&#8217;escola ja esta present a <strong>Instagram i Facebook<\/strong>.<\/p>\n<p>Ens trobeu a l&#8217;Instagram amb l&#8217;usuari @balmes_castellbell i al Facebook com &#8220;Escola Jaume Balmes&#8221;<a href=\"http:\/\/agora.xtec.cat\/ceipbalmes\/wp-content\/uploads\/usu527\/2017\/10\/Instagram-app-logo.jpg\"><img loading=\"lazy\" decoding=\"async\" class=\"wp-image-434 alignright\" src=\"http:\/\/agora.xtec.cat\/ceipbalmes\/wp-content\/uploads\/usu527\/2017\/10\/Instagram-app-logo-1024x774.jpg\" alt=\"\" width=\"282\" height=\"213\" srcset=\"https:\/\/agora.xtec.cat\/ceipbalmes\/wp-content\/uploads\/usu527\/2017\/10\/Instagram-app-logo-1024x774.jpg 1024w, https:\/\/agora.xtec.cat\/ceipbalmes\/wp-content\/uploads\/usu527\/2017\/10\/Instagram-app-logo-300x227.jpg 300w, https:\/\/agora.xtec.cat\/ceipbalmes\/wp-content\/uploads\/usu527\/2017\/10\/Instagram-app-logo-768x581.jpg 768w, https:\/\/agora.xtec.cat\/ceipbalmes\/wp-content\/uploads\/usu527\/2017\/10\/Instagram-app-logo-200x150.jpg 200w, https:\/\/agora.xtec.cat\/ceipbalmes\/wp-content\/uploads\/usu527\/2017\/10\/Instagram-app-logo.jpg 1428w\" sizes=\"auto, (max-width: 282px) 100vw, 282px\" \/><img loading=\"lazy\" decoding=\"async\" class=\"size-full wp-image-453 aligncenter\" src=\"http:\/\/agora.xtec.cat\/ceipbalmes\/wp-content\/uploads\/usu527\/2017\/10\/facebook.png\" alt=\"\" width=\"170\" height=\"170\" srcset=\"https:\/\/agora.xtec.cat\/ceipbalmes\/wp-content\/uploads\/usu527\/2017\/10\/facebook.png 170w, https:\/\/agora.xtec.cat\/ceipbalmes\/wp-content\/uploads\/usu527\/2017\/10\/facebook-150x150.png 150w\" sizes=\"auto, (max-width: 170px) 100vw, 170px\" \/><\/a><\/p>\n<p>Des d&#8217;aqu\u00ed es donaran a con\u00e8ixer fets de rellev\u00e0ncia per les families, sempre d&#8217;una manera visual, fresc i atractiu.<\/p>\n<p>Instagram permet, a la seva p\u00e0gina principal, penjar fotos i videos, indicar la seva ubicaci\u00f3 i poden penjar les anomenades stories, imatges i videos de caire m\u00e9s espontani<\/p>\n","protected":false},"excerpt":{"rendered":"<p>Fotografies, esdeveniments importants, petits videos,&#8230; ara pots estar m\u00e9s connectat amb el col\u00b7legi. L&#8217;escola ja esta present a Instagram i Facebook.<br \/>\nEns trobeu a l&#8217;Instagram amb l&#8217;usuari @balmes_castellbell i al Facebook com &#8220;Escola Jaume Balmes&#8221;<a href=\"http:\/\/agora.xtec.cat\/ceipbalmes\/wp-content\/uploads\/usu527\/2017\/10\/Instagram-app-logo.jpg\"><\/a><br \/>\nDes d&#8217;aqu\u00ed es donaran a con\u00e8ixer fets de rellev\u00e0ncia per les&hellip;  <a href=\"https:\/\/agora.xtec.cat\/ceipbalmes\/general\/el-col%c2%b7legi-estrena-xarxa-social\/\" title=\"Read EL COL\u00b7LEGI ESTRENA XARXA SOCIAL\">Llegeix m\u00e9s\u00bb<\/a><\/p>\n","protected":false},"author":1,"featured_media":0,"comment_status":"open","ping_status":"closed","sticky":false,"template":"","format":"standard","meta":{"_bbp_topic_count":0,"_bbp_reply_count":0,"_bbp_total_topic_count":0,"_bbp_total_reply_count":0,"_bbp_voice_count":0,"_bbp_anonymous_reply_count":0,"_bbp_topic_count_hidden":0,"_bbp_reply_count_hidden":0,"_bbp_forum_subforum_count":0,"footnotes":""},"categories":[1,4],"tags":[89,87],"class_list":["post-432","post","type-post","status-publish","format-standard","hentry","category-general","category-portada","tag-facebook","tag-instagram"],"post_mailing_queue_ids":[],"_links":{"self":[{"href":"https:\/\/agora.xtec.cat\/ceipbalmes\/wp-json\/wp\/v2\/posts\/432","targetHints":{"allow":["GET"]}}],"collection":[{"href":"https:\/\/agora.xtec.cat\/ceipbalmes\/wp-json\/wp\/v2\/posts"}],"about":[{"href":"https:\/\/agora.xtec.cat\/ceipbalmes\/wp-json\/wp\/v2\/types\/post"}],"author":[{"embeddable":true,"href":"https:\/\/agora.xtec.cat\/ceipbalmes\/wp-json\/wp\/v2\/users\/1"}],"replies":[{"embeddable":true,"href":"https:\/\/agora.xtec.cat\/ceipbalmes\/wp-json\/wp\/v2\/comments?post=432"}],"version-history":[{"count":3,"href":"https:\/\/agora.xtec.cat\/ceipbalmes\/wp-json\/wp\/v2\/posts\/432\/revisions"}],"predecessor-version":[{"id":455,"href":"https:\/\/agora.xtec.cat\/ceipbalmes\/wp-json\/wp\/v2\/posts\/432\/revisions\/455"}],"wp:attachment":[{"href":"https:\/\/agora.xtec.cat\/ceipbalmes\/wp-json\/wp\/v2\/media?parent=432"}],"wp:term":[{"taxonomy":"category","embeddable":true,"href":"https:\/\/agora.xtec.cat\/ceipbalmes\/wp-json\/wp\/v2\/categories?post=432"},{"taxonomy":"post_tag","embeddable":true,"href":"https:\/\/agora.xtec.cat\/ceipbalmes\/wp-json\/wp\/v2\/tags?post=432"}],"curies":[{"name":"wp","href":"https:\/\/api.w.org\/{rel}","templated":true}]}}