{"id":423,"date":"2017-09-22T10:12:35","date_gmt":"2017-09-22T08:12:35","guid":{"rendered":"http:\/\/agora.xtec.cat\/ceipbalmes\/?p=423"},"modified":"2018-05-09T11:40:31","modified_gmt":"2018-05-09T09:40:31","slug":"bonificacions-i-beques","status":"publish","type":"post","link":"https:\/\/agora.xtec.cat\/ceipbalmes\/afa\/bonificacions-i-beques\/","title":{"rendered":"BONIFICACIONS I BEQUES"},"content":{"rendered":"<p><strong>BONIFICACIONS:<\/strong><\/p>\n<p>Bonificaci\u00f3 d&#8217; 10 % per a fam\u00edlies nombroses\u00a0i monoparentals sobre el preu de matr\u00edcula, llibres i quota, per aquelles fam\u00edlies que no puguin optar a beca.<\/p>\n<p>&nbsp;<\/p>\n<p><strong>BEQUES:<\/strong><\/p>\n<p>Per aquest curs 2017-18, i durant el 3er trimestre, es far\u00e0 una convocat\u00f2ria de beques que podran cobrir del 10 al 90% de la quota de l\u2019activitat extraescolar i la matr\u00edcula. La beca \u00e9s compatible amb la bonificaci\u00f3.<\/p>\n<p>Els requisits s\u00f3n:<\/p>\n<ul>\n<li><strong>Situaci\u00f3 de vulnerabilitat econ\u00f2mica, fam\u00edlia nombrosa o monoparental.<\/strong><\/li>\n<li><strong>No tenir cap deute amb Hisenda i Seguretat Social.<\/strong><\/li>\n<li><strong>Estar empadronat\/da al municipi de Castellbell i el Vilar<\/strong><\/li>\n<li><strong>Aprofitament i assist\u00e8ncia a l\u2019activitat: es requerir\u00e0 que l\u2019alumne inscrit assisteixi a un m\u00ednim de classes, ja que en cas contrari la beca podr\u00e0 ser revocada.<\/strong><\/li>\n<\/ul>\n","protected":false},"excerpt":{"rendered":"<p>BONIFICACIONS:<br \/>\nBonificaci\u00f3 d&#8217; 10 % per a fam\u00edlies nombroses\u00a0i monoparentals sobre el preu de matr\u00edcula, llibres i quota, per aquelles fam\u00edlies que no puguin optar a beca.<br \/>\n&nbsp;<br \/>\nBEQUES:<br \/>\nPer aquest curs 2017-18, i durant el 3er trimestre, es far\u00e0 una convocat\u00f2ria de beques que podran cobrir del 10&hellip;  <a href=\"https:\/\/agora.xtec.cat\/ceipbalmes\/afa\/bonificacions-i-beques\/\" title=\"Read BONIFICACIONS I BEQUES\">Llegeix m\u00e9s\u00bb<\/a><\/p>\n","protected":false},"author":1,"featured_media":0,"comment_status":"open","ping_status":"closed","sticky":false,"template":"","format":"standard","meta":{"_bbp_topic_count":0,"_bbp_reply_count":0,"_bbp_total_topic_count":0,"_bbp_total_reply_count":0,"_bbp_voice_count":0,"_bbp_anonymous_reply_count":0,"_bbp_topic_count_hidden":0,"_bbp_reply_count_hidden":0,"_bbp_forum_subforum_count":0,"footnotes":""},"categories":[7],"tags":[86],"class_list":["post-423","post","type-post","status-publish","format-standard","hentry","category-afa","tag-bonificaciones-i-beques17"],"post_mailing_queue_ids":[],"_links":{"self":[{"href":"https:\/\/agora.xtec.cat\/ceipbalmes\/wp-json\/wp\/v2\/posts\/423","targetHints":{"allow":["GET"]}}],"collection":[{"href":"https:\/\/agora.xtec.cat\/ceipbalmes\/wp-json\/wp\/v2\/posts"}],"about":[{"href":"https:\/\/agora.xtec.cat\/ceipbalmes\/wp-json\/wp\/v2\/types\/post"}],"author":[{"embeddable":true,"href":"https:\/\/agora.xtec.cat\/ceipbalmes\/wp-json\/wp\/v2\/users\/1"}],"replies":[{"embeddable":true,"href":"https:\/\/agora.xtec.cat\/ceipbalmes\/wp-json\/wp\/v2\/comments?post=423"}],"version-history":[{"count":3,"href":"https:\/\/agora.xtec.cat\/ceipbalmes\/wp-json\/wp\/v2\/posts\/423\/revisions"}],"predecessor-version":[{"id":860,"href":"https:\/\/agora.xtec.cat\/ceipbalmes\/wp-json\/wp\/v2\/posts\/423\/revisions\/860"}],"wp:attachment":[{"href":"https:\/\/agora.xtec.cat\/ceipbalmes\/wp-json\/wp\/v2\/media?parent=423"}],"wp:term":[{"taxonomy":"category","embeddable":true,"href":"https:\/\/agora.xtec.cat\/ceipbalmes\/wp-json\/wp\/v2\/categories?post=423"},{"taxonomy":"post_tag","embeddable":true,"href":"https:\/\/agora.xtec.cat\/ceipbalmes\/wp-json\/wp\/v2\/tags?post=423"}],"curies":[{"name":"wp","href":"https:\/\/api.w.org\/{rel}","templated":true}]}}