{"id":414,"date":"2017-09-22T09:55:42","date_gmt":"2017-09-22T07:55:42","guid":{"rendered":"http:\/\/agora.xtec.cat\/ceipbalmes\/?p=414"},"modified":"2017-09-22T09:55:42","modified_gmt":"2017-09-22T07:55:42","slug":"angles","status":"publish","type":"post","link":"https:\/\/agora.xtec.cat\/ceipbalmes\/afa\/angles\/","title":{"rendered":"ANGL\u00c8S"},"content":{"rendered":"<p>&nbsp;<\/p>\n<p>Activitat 100% en angl\u00e8s amb l\u2019objectiu que els alumnes, a trav\u00e9s de diferents activitats ( can\u00e7ons, contes, v\u00eddeos, manualitats\u2026), coneixeran i treballaran trets de la cultura anglosaxona.<\/p>\n<p>Coincidint amb la data en qu\u00e8 es celebra aquesta festivitat en els pa\u00efsos de parla anglesa, treballarem\u2026<\/p>\n<p>Octubre &#8211; Halloween<\/p>\n<p>Novembre &#8211; Thanksgiving ( Dia d\u2019acci\u00f3 de gr\u00e0cies)<\/p>\n<p>Desembre &#8211; Christmas (Nadal)<\/p>\n<p>Gener\/Febrer &#8211; Sant Valent\u00ed<\/p>\n<p>Mar\u00e7 &#8211; Dia de Sant Patrici<\/p>\n<p>Abril &#8211; Setmana Santa<\/p>\n<p>Maig &#8211; Dia de la Mare<\/p>\n<p>Juny &#8211; Dia del Pare<\/p>\n<p>Totes aquestes activitats s\u2019acompanyaran amb altres de refor\u00e7 d\u2019angl\u00e8s curricular i aix\u00ed acompanyar els nens i nenes amb l\u2019assignatura d\u2019angl\u00e8s a l\u2019escola.<\/p>\n<p>&nbsp;<\/p>\n<p><strong>HORARI i LLOC<\/strong>: <u>Escola Jaume Balmes<\/u> ( de Dilluns a Dijous) de 13.50 h a 14.50 h i <u>Institut Bages Sud <\/u>(Divendres) de 14.30 a 15.30 h.<\/p>\n<p><strong>PREU CURS 2017-2018 amb bonificaci\u00f3 municipal: \u00a035.- \u20ac matr\u00edcula i llibres; i\u00a0 25.-\u20ac mensuals.<\/strong><\/p>\n","protected":false},"excerpt":{"rendered":"<p>&nbsp;<br \/>\nActivitat 100% en angl\u00e8s amb l\u2019objectiu que els alumnes, a trav\u00e9s de diferents activitats ( can\u00e7ons, contes, v\u00eddeos, manualitats\u2026), coneixeran i treballaran trets de la cultura anglosaxona.<br \/>\nCoincidint amb la data en qu\u00e8 es celebra aquesta festivitat en els pa\u00efsos de parla anglesa, treballarem\u2026<br \/>\nOctubre &#8211; Halloween<br \/>\nNovembre&hellip;  <a href=\"https:\/\/agora.xtec.cat\/ceipbalmes\/afa\/angles\/\" title=\"Read ANGL\u00c8S\">Llegeix m\u00e9s\u00bb<\/a><\/p>\n","protected":false},"author":1,"featured_media":0,"comment_status":"open","ping_status":"closed","sticky":false,"template":"","format":"standard","meta":{"_bbp_topic_count":0,"_bbp_reply_count":0,"_bbp_total_topic_count":0,"_bbp_total_reply_count":0,"_bbp_voice_count":0,"_bbp_anonymous_reply_count":0,"_bbp_topic_count_hidden":0,"_bbp_reply_count_hidden":0,"_bbp_forum_subforum_count":0,"footnotes":""},"categories":[7],"tags":[82],"class_list":["post-414","post","type-post","status-publish","format-standard","hentry","category-afa","tag-estraescolar-angles17"],"post_mailing_queue_ids":[],"_links":{"self":[{"href":"https:\/\/agora.xtec.cat\/ceipbalmes\/wp-json\/wp\/v2\/posts\/414","targetHints":{"allow":["GET"]}}],"collection":[{"href":"https:\/\/agora.xtec.cat\/ceipbalmes\/wp-json\/wp\/v2\/posts"}],"about":[{"href":"https:\/\/agora.xtec.cat\/ceipbalmes\/wp-json\/wp\/v2\/types\/post"}],"author":[{"embeddable":true,"href":"https:\/\/agora.xtec.cat\/ceipbalmes\/wp-json\/wp\/v2\/users\/1"}],"replies":[{"embeddable":true,"href":"https:\/\/agora.xtec.cat\/ceipbalmes\/wp-json\/wp\/v2\/comments?post=414"}],"version-history":[{"count":1,"href":"https:\/\/agora.xtec.cat\/ceipbalmes\/wp-json\/wp\/v2\/posts\/414\/revisions"}],"predecessor-version":[{"id":415,"href":"https:\/\/agora.xtec.cat\/ceipbalmes\/wp-json\/wp\/v2\/posts\/414\/revisions\/415"}],"wp:attachment":[{"href":"https:\/\/agora.xtec.cat\/ceipbalmes\/wp-json\/wp\/v2\/media?parent=414"}],"wp:term":[{"taxonomy":"category","embeddable":true,"href":"https:\/\/agora.xtec.cat\/ceipbalmes\/wp-json\/wp\/v2\/categories?post=414"},{"taxonomy":"post_tag","embeddable":true,"href":"https:\/\/agora.xtec.cat\/ceipbalmes\/wp-json\/wp\/v2\/tags?post=414"}],"curies":[{"name":"wp","href":"https:\/\/api.w.org\/{rel}","templated":true}]}}