{"id":374,"date":"2017-09-07T20:45:57","date_gmt":"2017-09-07T18:45:57","guid":{"rendered":"http:\/\/agora.xtec.cat\/ceipbalmes\/?p=374"},"modified":"2017-09-07T21:02:17","modified_gmt":"2017-09-07T19:02:17","slug":"informacions","status":"publish","type":"post","link":"https:\/\/agora.xtec.cat\/ceipbalmes\/general\/informacions\/","title":{"rendered":"INFORMACIONS"},"content":{"rendered":"<p>La <strong>coordinadora de\u00a0<\/strong><b>menjador<\/b>, far\u00e0 atenci\u00f3 directa a les fam\u00edlies a l\u2019escola del 12 al 15 de setembre, en horari de 8:45 a 9:45 del mat\u00ed.<\/p>\n<p>&nbsp;<\/p>\n<p>El proper\u00a0<b>dijous 14 a les 17:00 h<\/b>, esteu totes les fam\u00edlies convocades a una\u00a0<b>reuni\u00f3 de presentaci\u00f3 del nou curs<\/b>, on podreu con\u00e8ixer a tot l&#8217;equip de mestres, veure les aules dels vostres fills i filles,&#8230; Si ho necessiteu hi haur\u00e0 servei de \u201ccanguratge\u201d organitzat per l&#8217;AMPA.<\/p>\n<p>&nbsp;<\/p>\n<p>L\u2019AMPA organitza el\u00a0<b>servei \u201cdespertador<\/b>\u00a0\u201c a partir de les 7:30 del mat\u00ed i des del primer dia de curs. Si necessiteu aquest servei podeu contactar amb la responsable al n\u00famero de tel\u00e8fon \u00a0675 080 212 (Fanny) o b\u00e9 venir directament el mateix dimarts 12, de 7:30 a 8:45 h.<\/p>\n","protected":false},"excerpt":{"rendered":"<p>La coordinadora de\u00a0menjador, far\u00e0 atenci\u00f3 directa a les fam\u00edlies a l\u2019escola del 12 al 15 de setembre, en horari de 8:45 a 9:45 del mat\u00ed.<br \/>\n&nbsp;<br \/>\nEl proper\u00a0dijous 14 a les 17:00 h, esteu totes les fam\u00edlies convocades a una\u00a0reuni\u00f3 de presentaci\u00f3 del nou curs, on podreu&hellip;  <a href=\"https:\/\/agora.xtec.cat\/ceipbalmes\/general\/informacions\/\" title=\"Read INFORMACIONS\">Llegeix m\u00e9s\u00bb<\/a><\/p>\n","protected":false},"author":1,"featured_media":0,"comment_status":"open","ping_status":"closed","sticky":false,"template":"","format":"standard","meta":{"_bbp_topic_count":0,"_bbp_reply_count":0,"_bbp_total_topic_count":0,"_bbp_total_reply_count":0,"_bbp_voice_count":0,"_bbp_anonymous_reply_count":0,"_bbp_topic_count_hidden":0,"_bbp_reply_count_hidden":0,"_bbp_forum_subforum_count":0,"footnotes":""},"categories":[1,4],"tags":[76],"class_list":["post-374","post","type-post","status-publish","format-standard","hentry","category-general","category-portada","tag-informacions"],"post_mailing_queue_ids":[],"_links":{"self":[{"href":"https:\/\/agora.xtec.cat\/ceipbalmes\/wp-json\/wp\/v2\/posts\/374","targetHints":{"allow":["GET"]}}],"collection":[{"href":"https:\/\/agora.xtec.cat\/ceipbalmes\/wp-json\/wp\/v2\/posts"}],"about":[{"href":"https:\/\/agora.xtec.cat\/ceipbalmes\/wp-json\/wp\/v2\/types\/post"}],"author":[{"embeddable":true,"href":"https:\/\/agora.xtec.cat\/ceipbalmes\/wp-json\/wp\/v2\/users\/1"}],"replies":[{"embeddable":true,"href":"https:\/\/agora.xtec.cat\/ceipbalmes\/wp-json\/wp\/v2\/comments?post=374"}],"version-history":[{"count":2,"href":"https:\/\/agora.xtec.cat\/ceipbalmes\/wp-json\/wp\/v2\/posts\/374\/revisions"}],"predecessor-version":[{"id":380,"href":"https:\/\/agora.xtec.cat\/ceipbalmes\/wp-json\/wp\/v2\/posts\/374\/revisions\/380"}],"wp:attachment":[{"href":"https:\/\/agora.xtec.cat\/ceipbalmes\/wp-json\/wp\/v2\/media?parent=374"}],"wp:term":[{"taxonomy":"category","embeddable":true,"href":"https:\/\/agora.xtec.cat\/ceipbalmes\/wp-json\/wp\/v2\/categories?post=374"},{"taxonomy":"post_tag","embeddable":true,"href":"https:\/\/agora.xtec.cat\/ceipbalmes\/wp-json\/wp\/v2\/tags?post=374"}],"curies":[{"name":"wp","href":"https:\/\/api.w.org\/{rel}","templated":true}]}}