{"id":297,"date":"2017-03-30T09:11:52","date_gmt":"2017-03-30T07:11:52","guid":{"rendered":"http:\/\/agora.xtec.cat\/ceipbalmes\/?p=297"},"modified":"2017-05-12T21:50:06","modified_gmt":"2017-05-12T19:50:06","slug":"els-limits-quins-com-i-per-que","status":"publish","type":"post","link":"https:\/\/agora.xtec.cat\/ceipbalmes\/portada\/els-limits-quins-com-i-per-que\/","title":{"rendered":"ELS L\u00cdMITS, QUINS, COM I PER QU\u00c8."},"content":{"rendered":"<p style=\"text-align: left;\">Des de l&#8217;escola, amb la col\u00b7laboraci\u00f3 de l&#8217;ajuntament i l&#8217;AMPA, han organitzant una xerrada \u00a0adre\u00e7ada a fam\u00edlies amb el t\u00edtols Els l\u00edmits, quins, com i per qu\u00e8 a c\u00e0rrec de la M\u00edriam Tirado.<\/p>\n<p style=\"text-align: left;\">La M\u00edriam Tirado \u00e9s periodista, con<a href=\"http:\/\/agora.xtec.cat\/ceipbalmes\/wp-content\/uploads\/usu527\/2017\/03\/conferencia.jpg\"><img loading=\"lazy\" decoding=\"async\" class=\"wp-image-313 alignright\" src=\"http:\/\/agora.xtec.cat\/ceipbalmes\/wp-content\/uploads\/usu527\/2017\/03\/conferencia.jpg\" alt=\"conferencia\" width=\"181\" height=\"241\" srcset=\"https:\/\/agora.xtec.cat\/ceipbalmes\/wp-content\/uploads\/usu527\/2017\/03\/conferencia.jpg 504w, https:\/\/agora.xtec.cat\/ceipbalmes\/wp-content\/uploads\/usu527\/2017\/03\/conferencia-225x300.jpg 225w\" sizes=\"auto, (max-width: 181px) 100vw, 181px\" \/><\/a>dueix grups de suport a la crian\u00e7a, acompanya en el cam\u00ed de la maternitat\/paternitat, fa tallers sobre educaci\u00f3 emocional, xerrades sobre temes que preocupen a pares i mares i \u00e9s youtuber.<\/p>\n<p style=\"text-align: center;\">La xerrada va tenir lloc a l&#8217;escola \u00a0el <strong>dimarts 25 d&#8217;abril a les 16:45h.<br \/>\n<\/strong><\/p>\n","protected":false},"excerpt":{"rendered":"<p>Des de l&#8217;escola, amb la col\u00b7laboraci\u00f3 de l&#8217;ajuntament i l&#8217;AMPA, han organitzant una xerrada \u00a0adre\u00e7ada a fam\u00edlies amb el t\u00edtols Els l\u00edmits, quins, com i per qu\u00e8 a c\u00e0rrec de la M\u00edriam Tirado.<br \/>\nLa M\u00edriam Tirado \u00e9s periodista, con<a href=\"http:\/\/agora.xtec.cat\/ceipbalmes\/wp-content\/uploads\/usu527\/2017\/03\/conferencia.jpg\"><\/a>dueix grups de suport a la crian\u00e7a,&hellip;  <a href=\"https:\/\/agora.xtec.cat\/ceipbalmes\/portada\/els-limits-quins-com-i-per-que\/\" title=\"Read ELS L\u00cdMITS, QUINS, COM I PER QU\u00c8.\">Llegeix m\u00e9s\u00bb<\/a><\/p>\n","protected":false},"author":1,"featured_media":298,"comment_status":"open","ping_status":"open","sticky":false,"template":"","format":"standard","meta":{"_bbp_topic_count":0,"_bbp_reply_count":0,"_bbp_total_topic_count":0,"_bbp_total_reply_count":0,"_bbp_voice_count":0,"_bbp_anonymous_reply_count":0,"_bbp_topic_count_hidden":0,"_bbp_reply_count_hidden":0,"_bbp_forum_subforum_count":0,"footnotes":""},"categories":[4],"tags":[67],"class_list":["post-297","post","type-post","status-publish","format-standard","has-post-thumbnail","hentry","category-portada","tag-xerrada"],"post_mailing_queue_ids":[],"_links":{"self":[{"href":"https:\/\/agora.xtec.cat\/ceipbalmes\/wp-json\/wp\/v2\/posts\/297","targetHints":{"allow":["GET"]}}],"collection":[{"href":"https:\/\/agora.xtec.cat\/ceipbalmes\/wp-json\/wp\/v2\/posts"}],"about":[{"href":"https:\/\/agora.xtec.cat\/ceipbalmes\/wp-json\/wp\/v2\/types\/post"}],"author":[{"embeddable":true,"href":"https:\/\/agora.xtec.cat\/ceipbalmes\/wp-json\/wp\/v2\/users\/1"}],"replies":[{"embeddable":true,"href":"https:\/\/agora.xtec.cat\/ceipbalmes\/wp-json\/wp\/v2\/comments?post=297"}],"version-history":[{"count":3,"href":"https:\/\/agora.xtec.cat\/ceipbalmes\/wp-json\/wp\/v2\/posts\/297\/revisions"}],"predecessor-version":[{"id":328,"href":"https:\/\/agora.xtec.cat\/ceipbalmes\/wp-json\/wp\/v2\/posts\/297\/revisions\/328"}],"wp:featuredmedia":[{"embeddable":true,"href":"https:\/\/agora.xtec.cat\/ceipbalmes\/wp-json\/wp\/v2\/media\/298"}],"wp:attachment":[{"href":"https:\/\/agora.xtec.cat\/ceipbalmes\/wp-json\/wp\/v2\/media?parent=297"}],"wp:term":[{"taxonomy":"category","embeddable":true,"href":"https:\/\/agora.xtec.cat\/ceipbalmes\/wp-json\/wp\/v2\/categories?post=297"},{"taxonomy":"post_tag","embeddable":true,"href":"https:\/\/agora.xtec.cat\/ceipbalmes\/wp-json\/wp\/v2\/tags?post=297"}],"curies":[{"name":"wp","href":"https:\/\/api.w.org\/{rel}","templated":true}]}}