{"id":2621,"date":"2025-09-04T10:48:29","date_gmt":"2025-09-04T08:48:29","guid":{"rendered":"https:\/\/agora.xtec.cat\/ceipbalmes\/?p=2621"},"modified":"2025-09-04T11:06:59","modified_gmt":"2025-09-04T09:06:59","slug":"un-nou-curs-comenca","status":"publish","type":"post","link":"https:\/\/agora.xtec.cat\/ceipbalmes\/general\/un-nou-curs-comenca\/","title":{"rendered":"UN NOU CURS COMEN\u00c7A!"},"content":{"rendered":"<p><span style=\"font-family: 'courier new', courier, monospace;\">L&#8217;escola Jaume Balmes obre les portes per iniciar un nou curs escolar 2025-2026! Esteu preparats i preparades? Som-hi, que comencem!<\/span><\/p>\n<p>&nbsp;<\/p>\n<div style=\"width: 1920px;\" class=\"wp-video\"><!--[if lt IE 9]><script>document.createElement('video');<\/script><![endif]-->\n<video class=\"wp-video-shortcode\" id=\"video-2621-1\" width=\"1920\" height=\"1080\" preload=\"metadata\" controls=\"controls\"><source type=\"video\/mp4\" src=\"https:\/\/agora.xtec.cat\/ceipbalmes\/wp-content\/uploads\/usu527\/2025\/09\/Back-to-School-Educational-Presentation-in-Colorful-Scrapbook-Style.mp4?_=1\" \/><a href=\"https:\/\/agora.xtec.cat\/ceipbalmes\/wp-content\/uploads\/usu527\/2025\/09\/Back-to-School-Educational-Presentation-in-Colorful-Scrapbook-Style.mp4\">https:\/\/agora.xtec.cat\/ceipbalmes\/wp-content\/uploads\/usu527\/2025\/09\/Back-to-School-Educational-Presentation-in-Colorful-Scrapbook-Style.mp4<\/a><\/video><\/div>\n<p>&nbsp;<\/p>\n<p><span style=\"font-family: 'courier new', courier, monospace;\">Aquest any escolar les classes giraran per tot el m\u00f3n fent un viatge pels diferents indrets d&#8217;aquest planeta on vivim. Aix\u00ed doncs, el nostre eix tem\u00e0tic \u00e9s <strong>Una finestra al m\u00f3n<\/strong>!\u00a0<\/span><\/p>\n<p>&nbsp;<\/p>\n<p><span style=\"font-family: 'courier new', courier, monospace;\">Benvinguts i benvingudes un any m\u00e9s!<\/span><\/p>\n","protected":false},"excerpt":{"rendered":"<p>L&#8217;escola Jaume Balmes obre les portes per iniciar un nou curs escolar 2025-2026! Esteu preparats i preparades? Som-hi, que comencem!<br \/>\n&nbsp;<br \/>\n<a href=\"https:\/\/agora.xtec.cat\/ceipbalmes\/wp-content\/uploads\/usu527\/2025\/09\/Back-to-School-Educational-Presentation-in-Colorful-Scrapbook-Style.mp4\">https:\/\/agora.xtec.cat\/ceipbalmes\/wp-content\/uploads\/usu527\/2025\/09\/Back-to-School-Educational-Presentation-in-Colorful-Scrapbook-Style.mp4<\/a><br \/>\n&nbsp;<br \/>\nAquest any escolar les classes giraran per tot el m\u00f3n fent un viatge pels diferents indrets d&#8217;aquest planeta on vivim. Aix\u00ed doncs, el nostre eix&hellip;  <a href=\"https:\/\/agora.xtec.cat\/ceipbalmes\/general\/un-nou-curs-comenca\/\" title=\"Read UN NOU CURS COMEN\u00c7A!\">Llegeix m\u00e9s\u00bb<\/a><\/p>\n","protected":false},"author":34,"featured_media":0,"comment_status":"open","ping_status":"open","sticky":false,"template":"","format":"standard","meta":{"_bbp_topic_count":0,"_bbp_reply_count":0,"_bbp_total_topic_count":0,"_bbp_total_reply_count":0,"_bbp_voice_count":0,"_bbp_anonymous_reply_count":0,"_bbp_topic_count_hidden":0,"_bbp_reply_count_hidden":0,"_bbp_forum_subforum_count":0,"footnotes":""},"categories":[1,4],"tags":[],"class_list":["post-2621","post","type-post","status-publish","format-standard","hentry","category-general","category-portada"],"post_mailing_queue_ids":[],"_links":{"self":[{"href":"https:\/\/agora.xtec.cat\/ceipbalmes\/wp-json\/wp\/v2\/posts\/2621","targetHints":{"allow":["GET"]}}],"collection":[{"href":"https:\/\/agora.xtec.cat\/ceipbalmes\/wp-json\/wp\/v2\/posts"}],"about":[{"href":"https:\/\/agora.xtec.cat\/ceipbalmes\/wp-json\/wp\/v2\/types\/post"}],"author":[{"embeddable":true,"href":"https:\/\/agora.xtec.cat\/ceipbalmes\/wp-json\/wp\/v2\/users\/34"}],"replies":[{"embeddable":true,"href":"https:\/\/agora.xtec.cat\/ceipbalmes\/wp-json\/wp\/v2\/comments?post=2621"}],"version-history":[{"count":2,"href":"https:\/\/agora.xtec.cat\/ceipbalmes\/wp-json\/wp\/v2\/posts\/2621\/revisions"}],"predecessor-version":[{"id":2625,"href":"https:\/\/agora.xtec.cat\/ceipbalmes\/wp-json\/wp\/v2\/posts\/2621\/revisions\/2625"}],"wp:attachment":[{"href":"https:\/\/agora.xtec.cat\/ceipbalmes\/wp-json\/wp\/v2\/media?parent=2621"}],"wp:term":[{"taxonomy":"category","embeddable":true,"href":"https:\/\/agora.xtec.cat\/ceipbalmes\/wp-json\/wp\/v2\/categories?post=2621"},{"taxonomy":"post_tag","embeddable":true,"href":"https:\/\/agora.xtec.cat\/ceipbalmes\/wp-json\/wp\/v2\/tags?post=2621"}],"curies":[{"name":"wp","href":"https:\/\/api.w.org\/{rel}","templated":true}]}}