{"id":2571,"date":"2024-09-09T08:00:02","date_gmt":"2024-09-09T06:00:02","guid":{"rendered":"https:\/\/agora.xtec.cat\/ceipbalmes\/?p=2571"},"modified":"2024-09-05T13:23:59","modified_gmt":"2024-09-05T11:23:59","slug":"benvingudes-i-benvinguts","status":"publish","type":"post","link":"https:\/\/agora.xtec.cat\/ceipbalmes\/general\/benvingudes-i-benvinguts\/","title":{"rendered":"Benvingudes i benvinguts!"},"content":{"rendered":"<p>Hola a tots i totes!<\/p>\n<p>Benvinguts i benvingudes al curs escolar 2024-2025. Un altre curs comen\u00e7a a l&#8217;escola Jaume Balmes amb la il\u00b7lusi\u00f3 i les ganes de cada any. Aquest curs \u00e9s especial perqu\u00e8 celebrem&#8230;<\/p>\n<div style=\"width: 1280px;\" class=\"wp-video\"><!--[if lt IE 9]><script>document.createElement('video');<\/script><![endif]-->\n<video class=\"wp-video-shortcode\" id=\"video-2571-1\" width=\"1280\" height=\"720\" preload=\"metadata\" controls=\"controls\"><source type=\"video\/mp4\" src=\"https:\/\/agora.xtec.cat\/ceipbalmes\/wp-content\/uploads\/usu527\/2024\/09\/Tercer-intent.mp4?_=1\" \/><a href=\"https:\/\/agora.xtec.cat\/ceipbalmes\/wp-content\/uploads\/usu527\/2024\/09\/Tercer-intent.mp4\">https:\/\/agora.xtec.cat\/ceipbalmes\/wp-content\/uploads\/usu527\/2024\/09\/Tercer-intent.mp4<\/a><\/video><\/div>\n<p>&nbsp;<\/p>\n<p>Aquest any \u00e9s el cinquant\u00e8 aniversari de l&#8217;escola i aix\u00f2 ser\u00e0 el nostre eix tem\u00e0tic. Durant l&#8217;any celebrarem diferents actes i realitzarem diverses activitats relacionades amb aquest aniversari. Cinquanta anys no es fan cada dia i a l&#8217;escola tamb\u00e9 ho volem celebrar!<\/p>\n<p>Que tingueu un molt bon dilluns i bon inici de curs!<\/p>\n","protected":false},"excerpt":{"rendered":"<p>Hola a tots i totes!<br \/>\nBenvinguts i benvingudes al curs escolar 2024-2025. Un altre curs comen\u00e7a a l&#8217;escola Jaume Balmes amb la il\u00b7lusi\u00f3 i les ganes de cada any. Aquest curs \u00e9s especial perqu\u00e8 celebrem&#8230;<br \/>\n<a href=\"https:\/\/agora.xtec.cat\/ceipbalmes\/wp-content\/uploads\/usu527\/2024\/09\/Tercer-intent.mp4\">https:\/\/agora.xtec.cat\/ceipbalmes\/wp-content\/uploads\/usu527\/2024\/09\/Tercer-intent.mp4<\/a><br \/>\n&nbsp;<br \/>\nAquest any \u00e9s el cinquant\u00e8 aniversari de l&#8217;escola i aix\u00f2 ser\u00e0&hellip;  <a href=\"https:\/\/agora.xtec.cat\/ceipbalmes\/general\/benvingudes-i-benvinguts\/\" title=\"Read Benvingudes i benvinguts!\">Llegeix m\u00e9s\u00bb<\/a><\/p>\n","protected":false},"author":11,"featured_media":0,"comment_status":"open","ping_status":"closed","sticky":false,"template":"","format":"standard","meta":{"_bbp_topic_count":0,"_bbp_reply_count":0,"_bbp_total_topic_count":0,"_bbp_total_reply_count":0,"_bbp_voice_count":0,"_bbp_anonymous_reply_count":0,"_bbp_topic_count_hidden":0,"_bbp_reply_count_hidden":0,"_bbp_forum_subforum_count":0,"footnotes":""},"categories":[1],"tags":[],"class_list":["post-2571","post","type-post","status-publish","format-standard","hentry","category-general"],"post_mailing_queue_ids":[],"_links":{"self":[{"href":"https:\/\/agora.xtec.cat\/ceipbalmes\/wp-json\/wp\/v2\/posts\/2571","targetHints":{"allow":["GET"]}}],"collection":[{"href":"https:\/\/agora.xtec.cat\/ceipbalmes\/wp-json\/wp\/v2\/posts"}],"about":[{"href":"https:\/\/agora.xtec.cat\/ceipbalmes\/wp-json\/wp\/v2\/types\/post"}],"author":[{"embeddable":true,"href":"https:\/\/agora.xtec.cat\/ceipbalmes\/wp-json\/wp\/v2\/users\/11"}],"replies":[{"embeddable":true,"href":"https:\/\/agora.xtec.cat\/ceipbalmes\/wp-json\/wp\/v2\/comments?post=2571"}],"version-history":[{"count":2,"href":"https:\/\/agora.xtec.cat\/ceipbalmes\/wp-json\/wp\/v2\/posts\/2571\/revisions"}],"predecessor-version":[{"id":2574,"href":"https:\/\/agora.xtec.cat\/ceipbalmes\/wp-json\/wp\/v2\/posts\/2571\/revisions\/2574"}],"wp:attachment":[{"href":"https:\/\/agora.xtec.cat\/ceipbalmes\/wp-json\/wp\/v2\/media?parent=2571"}],"wp:term":[{"taxonomy":"category","embeddable":true,"href":"https:\/\/agora.xtec.cat\/ceipbalmes\/wp-json\/wp\/v2\/categories?post=2571"},{"taxonomy":"post_tag","embeddable":true,"href":"https:\/\/agora.xtec.cat\/ceipbalmes\/wp-json\/wp\/v2\/tags?post=2571"}],"curies":[{"name":"wp","href":"https:\/\/api.w.org\/{rel}","templated":true}]}}