{"id":2511,"date":"2024-03-01T15:57:26","date_gmt":"2024-03-01T14:57:26","guid":{"rendered":"https:\/\/agora.xtec.cat\/ceipbalmes\/?p=2511"},"modified":"2024-09-05T13:22:20","modified_gmt":"2024-09-05T11:22:20","slug":"preinscripcio-escolar","status":"publish","type":"post","link":"https:\/\/agora.xtec.cat\/ceipbalmes\/general\/preinscripcio-escolar\/","title":{"rendered":"PREINSCRIPCI\u00d3 ESCOLAR curs 24\/25"},"content":{"rendered":"<div class=\"b-img-c\">\n<p><a href=\"https:\/\/preinscripcio.gencat.cat\/ca\/inici\" target=\"_blank\" rel=\"noopener\"><img loading=\"lazy\" decoding=\"async\" id=\"wnd_ImageBlock_81853_img\" class=\"aligncenter\" src=\"https:\/\/fdfc919850.clvaw-cdnwnd.com\/47214de1fcdf3af4130a05d412d99079\/200002580-dba44dba49\/preinscripcio-9.jpeg?ph=fdfc919850\" alt=\"PREINSCRIPCI\u00d3 2024-2025\" width=\"712\" height=\"335\" \/><\/a><\/p>\n<p>Benvolgudes fam\u00edlies,<\/p>\n<p>El proc\u00e9s per fer la preinscripci\u00f3 ser\u00e0\u00a0<strong>telem\u00e0tic<\/strong>, a\u00a0trav\u00e9s del portal de\u00a0<a href=\"https:\/\/preinscripcio.gencat.cat\/ca\/inici\"><strong>preinscripcio.gencat.cat<\/strong><\/a> . Tamb\u00e9 pots fer la teva sol\u00b7licitud electr\u00f2nica mitjan\u00e7ant\u00a0<a href=\"https:\/\/accesvalidat.ensenyament.gencat.cat\/wayf\/wayf-IDP-SM.html?entityID=https%3A%2F%2Faccesvalidat.ensenyament.gencat.cat&amp;return=https%3A%2F%2Faccesvalidat.ensenyament.gencat.cat%2FShibboleth.sso%2FLogin%3FSAMLDS%3D1%26target%3Dhttps%253A%252F%252Faccesvalidat.ensenyament.gencat.cat%252Fpls%252Fapex%252Ff%253Fp%253D20160079072543618%253A102\"><strong>IdCAT m\u00f2bil, Clave, T-CAT o DNI electr\u00f2nic<\/strong><\/a><\/p>\n<p>Aquelles fam\u00edlies que necessitin\u00a0<strong>acompanyament per fer el tr\u00e0mit telem\u00e0tic<\/strong> poden trucar a l\u2019Escola al tel. <strong>93 834 02 35 i els ajudarem a fer tot el proc\u00e9s de preinscripci\u00f3 escolar. <\/strong>Si la fam\u00edlia t\u00e9 altres dubtes o consultes podeu trucar a l&#8217;escola i us ajudarem en tot el qu\u00e8 sigui necessari.<\/p>\n<p>Documentaci\u00f3 que cal preparar:<\/p>\n<p>a)\u00a0 Necessitar\u00e0s\u00a0<strong>DNI, llibre de fam\u00edlia i targeta\u00a0sanit\u00e0ria<\/strong>. Haur\u00e0s de tenir\u00a0<strong>fotografiada o escanejada la documentaci\u00f3<\/strong>\u00a0dins del dispositiu que vagis a utilitzar per fer la teva preinscripci\u00f3, d\u2019aquesta\u00a0\u00a0manera tindr\u00e0s un acc\u00e9s m\u00e9s f\u00e0cil i r\u00e0pid.<\/p>\n<p>b) Necessiteu les dades i els codis necessaris de l&#8217;Escola per emplenar el formulari.<\/p>\n<\/div>\n<p>ESCOLA JAUME BALMES<\/p>\n<p>CODI DE CENTRE: 08015806<\/p>\n<p>c) Necessiteu el Codi d&#8217;Identificaci\u00f3 de l&#8217;alumne. El podeu obtenir demanant-lo a l&#8217;Escola Bressol si el vostre fill\/a ha anat a aquesta. <span style=\"font-family: inherit; font-size: 1em;\">Tamb\u00e9 pots accedir al codi d\u2019identificaci\u00f3 de l\u2019alumne a trav\u00e9s de\u00a0<\/span><a style=\"font-family: inherit; font-size: 1em;\" href=\"http:\/\/educacio.gencat.cat\/ca\/tramits\/tramits-temes\/identificador-alumne\"><strong>gencat.cat<\/strong><\/a><span style=\"font-family: inherit; font-size: 1em;\">.<\/span><\/p>\n<p>Si mai ha estat escolaritzat, el sistema us generar\u00e0 un.<\/p>\n<div><\/div>\n<div><\/div>\n<div><\/div>\n<div><\/div>\n<div><\/div>\n<div id=\"wnd_ImageBlock_81853\" class=\"b-img b-img-link b b-s cf wnd-orientation-landscape wnd-type-image img-s-n\">\n<div class=\"b-img-w\">\n<div class=\"b-img-c\"><\/div>\n<\/div>\n<\/div>\n<p>&nbsp;<\/p>\n<p>&nbsp;<\/p>\n","protected":false},"excerpt":{"rendered":"<p><a href=\"https:\/\/preinscripcio.gencat.cat\/ca\/inici\" target=\"_blank\" rel=\"noopener\"><\/a><br \/>\nBenvolgudes fam\u00edlies,<br \/>\nEl proc\u00e9s per fer la preinscripci\u00f3 ser\u00e0\u00a0telem\u00e0tic, a\u00a0trav\u00e9s del portal de\u00a0<a href=\"https:\/\/preinscripcio.gencat.cat\/ca\/inici\">preinscripcio.gencat.cat<\/a> . Tamb\u00e9 pots fer la teva sol\u00b7licitud electr\u00f2nica mitjan\u00e7ant\u00a0<a href=\"https:\/\/accesvalidat.ensenyament.gencat.cat\/wayf\/wayf-IDP-SM.html?entityID=https%3A%2F%2Faccesvalidat.ensenyament.gencat.cat&amp;return=https%3A%2F%2Faccesvalidat.ensenyament.gencat.cat%2FShibboleth.sso%2FLogin%3FSAMLDS%3D1%26target%3Dhttps%253A%252F%252Faccesvalidat.ensenyament.gencat.cat%252Fpls%252Fapex%252Ff%253Fp%253D20160079072543618%253A102\">IdCAT m\u00f2bil, Clave, T-CAT o DNI electr\u00f2nic<\/a><br \/>\nAquelles fam\u00edlies que necessitin\u00a0acompanyament per fer el tr\u00e0mit telem\u00e0tic poden trucar a l\u2019Escola al&hellip;  <a href=\"https:\/\/agora.xtec.cat\/ceipbalmes\/general\/preinscripcio-escolar\/\" title=\"Read PREINSCRIPCI\u00d3 ESCOLAR curs 24\/25\">Llegeix m\u00e9s\u00bb<\/a><\/p>\n","protected":false},"author":26,"featured_media":0,"comment_status":"open","ping_status":"closed","sticky":false,"template":"","format":"standard","meta":{"_bbp_topic_count":0,"_bbp_reply_count":0,"_bbp_total_topic_count":0,"_bbp_total_reply_count":0,"_bbp_voice_count":0,"_bbp_anonymous_reply_count":0,"_bbp_topic_count_hidden":0,"_bbp_reply_count_hidden":0,"_bbp_forum_subforum_count":0,"footnotes":""},"categories":[1,4],"tags":[],"class_list":["post-2511","post","type-post","status-publish","format-standard","hentry","category-general","category-portada"],"post_mailing_queue_ids":[],"_links":{"self":[{"href":"https:\/\/agora.xtec.cat\/ceipbalmes\/wp-json\/wp\/v2\/posts\/2511","targetHints":{"allow":["GET"]}}],"collection":[{"href":"https:\/\/agora.xtec.cat\/ceipbalmes\/wp-json\/wp\/v2\/posts"}],"about":[{"href":"https:\/\/agora.xtec.cat\/ceipbalmes\/wp-json\/wp\/v2\/types\/post"}],"author":[{"embeddable":true,"href":"https:\/\/agora.xtec.cat\/ceipbalmes\/wp-json\/wp\/v2\/users\/26"}],"replies":[{"embeddable":true,"href":"https:\/\/agora.xtec.cat\/ceipbalmes\/wp-json\/wp\/v2\/comments?post=2511"}],"version-history":[{"count":7,"href":"https:\/\/agora.xtec.cat\/ceipbalmes\/wp-json\/wp\/v2\/posts\/2511\/revisions"}],"predecessor-version":[{"id":2595,"href":"https:\/\/agora.xtec.cat\/ceipbalmes\/wp-json\/wp\/v2\/posts\/2511\/revisions\/2595"}],"wp:attachment":[{"href":"https:\/\/agora.xtec.cat\/ceipbalmes\/wp-json\/wp\/v2\/media?parent=2511"}],"wp:term":[{"taxonomy":"category","embeddable":true,"href":"https:\/\/agora.xtec.cat\/ceipbalmes\/wp-json\/wp\/v2\/categories?post=2511"},{"taxonomy":"post_tag","embeddable":true,"href":"https:\/\/agora.xtec.cat\/ceipbalmes\/wp-json\/wp\/v2\/tags?post=2511"}],"curies":[{"name":"wp","href":"https:\/\/api.w.org\/{rel}","templated":true}]}}