{"id":2454,"date":"2024-02-15T13:59:39","date_gmt":"2024-02-15T12:59:39","guid":{"rendered":"https:\/\/agora.xtec.cat\/ceipbalmes\/?p=2454"},"modified":"2024-04-29T09:39:55","modified_gmt":"2024-04-29T07:39:55","slug":"portes-obertes-a-lescola","status":"publish","type":"post","link":"https:\/\/agora.xtec.cat\/ceipbalmes\/general\/portes-obertes-a-lescola\/","title":{"rendered":"Portes obertes a l&#8217;escola!"},"content":{"rendered":"<p>&nbsp;<\/p>\n<p><a style=\"color: #2795b6;\" href=\"https:\/\/agora.xtec.cat\/ceipbalmes\/wp-content\/uploads\/usu527\/2024\/02\/JORNADES-DE-PORTES-OBERTES.jpg\"><img loading=\"lazy\" decoding=\"async\" class=\"wp-image-2455 alignright\" src=\"https:\/\/agora.xtec.cat\/ceipbalmes\/wp-content\/uploads\/usu527\/2024\/02\/JORNADES-DE-PORTES-OBERTES-724x1024.jpg\" alt=\"\" width=\"447\" height=\"633\" srcset=\"https:\/\/agora.xtec.cat\/ceipbalmes\/wp-content\/uploads\/usu527\/2024\/02\/JORNADES-DE-PORTES-OBERTES-724x1024.jpg 724w, https:\/\/agora.xtec.cat\/ceipbalmes\/wp-content\/uploads\/usu527\/2024\/02\/JORNADES-DE-PORTES-OBERTES-212x300.jpg 212w, https:\/\/agora.xtec.cat\/ceipbalmes\/wp-content\/uploads\/usu527\/2024\/02\/JORNADES-DE-PORTES-OBERTES-768x1086.jpg 768w, https:\/\/agora.xtec.cat\/ceipbalmes\/wp-content\/uploads\/usu527\/2024\/02\/JORNADES-DE-PORTES-OBERTES-1086x1536.jpg 1086w, https:\/\/agora.xtec.cat\/ceipbalmes\/wp-content\/uploads\/usu527\/2024\/02\/JORNADES-DE-PORTES-OBERTES-1448x2048.jpg 1448w, https:\/\/agora.xtec.cat\/ceipbalmes\/wp-content\/uploads\/usu527\/2024\/02\/JORNADES-DE-PORTES-OBERTES.jpg 1587w\" sizes=\"auto, (max-width: 447px) 100vw, 447px\" \/><\/a><\/p>\n<p>Benvolgudes fam\u00edlies,<\/p>\n<p>Ens fa molta il\u00b7lusi\u00f3 convidar-vos a la Jornada de Portes Obertes de l&#8217;Escola Jaume Balmes de Castellbell i el Vilar. Estem encantats de compartir amb vosaltres la nostra passi\u00f3 per l&#8217;educaci\u00f3 i mostrar-vos com treballem per inspirar i educar els vostres fills.<\/p>\n<p>La jornada ser\u00e0 una oportunitat \u00fanica per con\u00e8ixer el centre, explorar les instal\u00b7lacions i entendre la filosofia educativa que guia el nostre dia a dia. Tamb\u00e9 podreu fer totes les preguntes que tingueu.<\/p>\n<p>Us convidem a venir i descobrir com l&#8217;Escola Jaume Balmes crea un entorn educatiu estimulant on els alumnes poden cr\u00e9ixer acad\u00e8micament, socialment i emocionalment. La vostra participaci\u00f3 \u00e9s fonamental per fer-vos part\u00edcips de la meravellosa comunitat educativa que estem construint.<\/p>\n<p>Us esperem amb els bra\u00e7os oberts i amb moltes ganes de compartir aquest dia amb vosaltres. Feu un pas cap a l&#8217;excel\u00b7l\u00e8ncia educativa amb nosaltres!<\/p>\n<p><strong>Dissabte 24 de febrer de 2024 a les 10:00 hores.<\/strong><\/p>\n<p>&nbsp;<\/p>\n<p>&nbsp;<\/p>\n<p>&nbsp;<\/p>\n<p>&nbsp;<\/p>\n","protected":false},"excerpt":{"rendered":"<p>&nbsp;<br \/>\n<a style=\"color: #2795b6;\" href=\"https:\/\/agora.xtec.cat\/ceipbalmes\/wp-content\/uploads\/usu527\/2024\/02\/JORNADES-DE-PORTES-OBERTES.jpg\"><\/a><br \/>\nBenvolgudes fam\u00edlies,<br \/>\nEns fa molta il\u00b7lusi\u00f3 convidar-vos a la Jornada de Portes Obertes de l&#8217;Escola Jaume Balmes de Castellbell i el Vilar. Estem encantats de compartir amb vosaltres la nostra passi\u00f3 per l&#8217;educaci\u00f3 i mostrar-vos com treballem per inspirar i educar els vostres&hellip;  <a href=\"https:\/\/agora.xtec.cat\/ceipbalmes\/general\/portes-obertes-a-lescola\/\" title=\"Read Portes obertes a l&#8217;escola!\">Llegeix m\u00e9s\u00bb<\/a><\/p>\n","protected":false},"author":11,"featured_media":0,"comment_status":"open","ping_status":"closed","sticky":false,"template":"","format":"standard","meta":{"_bbp_topic_count":0,"_bbp_reply_count":0,"_bbp_total_topic_count":0,"_bbp_total_reply_count":0,"_bbp_voice_count":0,"_bbp_anonymous_reply_count":0,"_bbp_topic_count_hidden":0,"_bbp_reply_count_hidden":0,"_bbp_forum_subforum_count":0,"footnotes":""},"categories":[112,1,4],"tags":[],"class_list":["post-2454","post","type-post","status-publish","format-standard","hentry","category-escola","category-general","category-portada"],"post_mailing_queue_ids":[],"_links":{"self":[{"href":"https:\/\/agora.xtec.cat\/ceipbalmes\/wp-json\/wp\/v2\/posts\/2454","targetHints":{"allow":["GET"]}}],"collection":[{"href":"https:\/\/agora.xtec.cat\/ceipbalmes\/wp-json\/wp\/v2\/posts"}],"about":[{"href":"https:\/\/agora.xtec.cat\/ceipbalmes\/wp-json\/wp\/v2\/types\/post"}],"author":[{"embeddable":true,"href":"https:\/\/agora.xtec.cat\/ceipbalmes\/wp-json\/wp\/v2\/users\/11"}],"replies":[{"embeddable":true,"href":"https:\/\/agora.xtec.cat\/ceipbalmes\/wp-json\/wp\/v2\/comments?post=2454"}],"version-history":[{"count":7,"href":"https:\/\/agora.xtec.cat\/ceipbalmes\/wp-json\/wp\/v2\/posts\/2454\/revisions"}],"predecessor-version":[{"id":2539,"href":"https:\/\/agora.xtec.cat\/ceipbalmes\/wp-json\/wp\/v2\/posts\/2454\/revisions\/2539"}],"wp:attachment":[{"href":"https:\/\/agora.xtec.cat\/ceipbalmes\/wp-json\/wp\/v2\/media?parent=2454"}],"wp:term":[{"taxonomy":"category","embeddable":true,"href":"https:\/\/agora.xtec.cat\/ceipbalmes\/wp-json\/wp\/v2\/categories?post=2454"},{"taxonomy":"post_tag","embeddable":true,"href":"https:\/\/agora.xtec.cat\/ceipbalmes\/wp-json\/wp\/v2\/tags?post=2454"}],"curies":[{"name":"wp","href":"https:\/\/api.w.org\/{rel}","templated":true}]}}