{"id":2446,"date":"2024-02-15T13:42:52","date_gmt":"2024-02-15T12:42:52","guid":{"rendered":"https:\/\/agora.xtec.cat\/ceipbalmes\/?p=2446"},"modified":"2024-02-15T13:45:28","modified_gmt":"2024-02-15T12:45:28","slug":"carnestoltes-2024","status":"publish","type":"post","link":"https:\/\/agora.xtec.cat\/ceipbalmes\/general\/carnestoltes-2024\/","title":{"rendered":"Carnestoltes 2024!!!"},"content":{"rendered":"<p>Com cada any a l&#8217;escola celebrem el Carnestoltes, els alumnes de 6\u00e8 van ser els encarregats de pregonar les consignes que van ser molt divertides i es van seguir majorit\u00e0riament!<\/p>\n<p>Durant la setmana s&#8217;han realitzat diferents activitats, com l&#8217;animaci\u00f3 de la companyia de la Maria Navarrete que ens va fer ballar i ens ho vam passar s\u00faper b\u00e9!<\/p>\n<p>Tamb\u00e9 hem fet una excursi\u00f3 per comunitats per celebrar el Dijous Llarder, on els i les alumnes van gaudir del nostre entorn natural.<\/p>\n<p>Finalment el divendres 9 de febrer vam fer la gran festa oberta a totes les fam\u00edlies, que s&#8217;ho van passar d&#8217;all\u00f2 m\u00e9s b\u00e9 veient les disfresses i els balls que vam estar preparant mestres i alumnes.<\/p>\n<p>El rei Carnestoltes es va acomiadar amb el seu Testament fins l&#8217;any que ve!<\/p>\n<p><a style=\"font-family: inherit; font-size: 1em;\" href=\"https:\/\/www.instagram.com\/reel\/C3DOcG_oZHJ\/?utm_source=ig_web_copy_link&amp;igsh=MzRlODBiNWFlZA==\">V\u00cdDEO ANIMACI\u00d3<\/a><\/p>\n<p><a href=\"https:\/\/www.instagram.com\/reel\/C3N9yOFIXnM\/?utm_source=ig_web_copy_link&amp;igsh=MzRlODBiNWFlZA==\">FESTA CARNESTOLTES<\/a><\/p>\n<p><a href=\"https:\/\/agora.xtec.cat\/ceipbalmes\/wp-content\/uploads\/usu527\/2024\/02\/IMG20240202160651-scaled.jpg\">\u00a0 <img loading=\"lazy\" decoding=\"async\" class=\"alignnone wp-image-2447\" src=\"https:\/\/agora.xtec.cat\/ceipbalmes\/wp-content\/uploads\/usu527\/2024\/02\/IMG20240202160651-1024x768.jpg\" alt=\"\" width=\"299\" height=\"224\" srcset=\"https:\/\/agora.xtec.cat\/ceipbalmes\/wp-content\/uploads\/usu527\/2024\/02\/IMG20240202160651-1024x768.jpg 1024w, https:\/\/agora.xtec.cat\/ceipbalmes\/wp-content\/uploads\/usu527\/2024\/02\/IMG20240202160651-300x225.jpg 300w, https:\/\/agora.xtec.cat\/ceipbalmes\/wp-content\/uploads\/usu527\/2024\/02\/IMG20240202160651-768x576.jpg 768w, https:\/\/agora.xtec.cat\/ceipbalmes\/wp-content\/uploads\/usu527\/2024\/02\/IMG20240202160651-1536x1152.jpg 1536w, https:\/\/agora.xtec.cat\/ceipbalmes\/wp-content\/uploads\/usu527\/2024\/02\/IMG20240202160651-2048x1536.jpg 2048w, https:\/\/agora.xtec.cat\/ceipbalmes\/wp-content\/uploads\/usu527\/2024\/02\/IMG20240202160651-200x150.jpg 200w\" sizes=\"auto, (max-width: 299px) 100vw, 299px\" \/> \u00a0 \u00a0 \u00a0 \u00a0 \u00a0 \u00a0 \u00a0 \u00a0 \u00a0 <\/a><a href=\"https:\/\/agora.xtec.cat\/ceipbalmes\/wp-content\/uploads\/usu527\/2024\/02\/IMG20240207162118-scaled.jpg\"><img loading=\"lazy\" decoding=\"async\" class=\"alignnone wp-image-2448\" src=\"https:\/\/agora.xtec.cat\/ceipbalmes\/wp-content\/uploads\/usu527\/2024\/02\/IMG20240207162118-1024x768.jpg\" alt=\"\" width=\"341\" height=\"256\" srcset=\"https:\/\/agora.xtec.cat\/ceipbalmes\/wp-content\/uploads\/usu527\/2024\/02\/IMG20240207162118-1024x768.jpg 1024w, https:\/\/agora.xtec.cat\/ceipbalmes\/wp-content\/uploads\/usu527\/2024\/02\/IMG20240207162118-300x225.jpg 300w, https:\/\/agora.xtec.cat\/ceipbalmes\/wp-content\/uploads\/usu527\/2024\/02\/IMG20240207162118-768x576.jpg 768w, https:\/\/agora.xtec.cat\/ceipbalmes\/wp-content\/uploads\/usu527\/2024\/02\/IMG20240207162118-1536x1152.jpg 1536w, https:\/\/agora.xtec.cat\/ceipbalmes\/wp-content\/uploads\/usu527\/2024\/02\/IMG20240207162118-2048x1536.jpg 2048w, https:\/\/agora.xtec.cat\/ceipbalmes\/wp-content\/uploads\/usu527\/2024\/02\/IMG20240207162118-200x150.jpg 200w\" sizes=\"auto, (max-width: 341px) 100vw, 341px\" \/><\/a><\/p>\n<p>&nbsp;<\/p>\n<p><a href=\"https:\/\/agora.xtec.cat\/ceipbalmes\/wp-content\/uploads\/usu527\/2024\/02\/IMG20240208102803-1-scaled.jpg\"><img loading=\"lazy\" decoding=\"async\" class=\"alignnone size-large wp-image-2449\" src=\"https:\/\/agora.xtec.cat\/ceipbalmes\/wp-content\/uploads\/usu527\/2024\/02\/IMG20240208102803-1-1024x768.jpg\" alt=\"\" width=\"1024\" height=\"768\" srcset=\"https:\/\/agora.xtec.cat\/ceipbalmes\/wp-content\/uploads\/usu527\/2024\/02\/IMG20240208102803-1-1024x768.jpg 1024w, https:\/\/agora.xtec.cat\/ceipbalmes\/wp-content\/uploads\/usu527\/2024\/02\/IMG20240208102803-1-300x225.jpg 300w, https:\/\/agora.xtec.cat\/ceipbalmes\/wp-content\/uploads\/usu527\/2024\/02\/IMG20240208102803-1-768x576.jpg 768w, https:\/\/agora.xtec.cat\/ceipbalmes\/wp-content\/uploads\/usu527\/2024\/02\/IMG20240208102803-1-1536x1152.jpg 1536w, https:\/\/agora.xtec.cat\/ceipbalmes\/wp-content\/uploads\/usu527\/2024\/02\/IMG20240208102803-1-2048x1536.jpg 2048w, https:\/\/agora.xtec.cat\/ceipbalmes\/wp-content\/uploads\/usu527\/2024\/02\/IMG20240208102803-1-200x150.jpg 200w\" sizes=\"auto, (max-width: 1024px) 100vw, 1024px\" \/><\/a><\/p>\n","protected":false},"excerpt":{"rendered":"<p>Com cada any a l&#8217;escola celebrem el Carnestoltes, els alumnes de 6\u00e8 van ser els encarregats de pregonar les consignes que van ser molt divertides i es van seguir majorit\u00e0riament!<br \/>\nDurant la setmana s&#8217;han realitzat diferents activitats, com l&#8217;animaci\u00f3 de la companyia de la Maria Navarrete&hellip;  <a href=\"https:\/\/agora.xtec.cat\/ceipbalmes\/general\/carnestoltes-2024\/\" title=\"Read Carnestoltes 2024!!!\">Llegeix m\u00e9s\u00bb<\/a><\/p>\n","protected":false},"author":11,"featured_media":0,"comment_status":"open","ping_status":"closed","sticky":false,"template":"","format":"standard","meta":{"_bbp_topic_count":0,"_bbp_reply_count":0,"_bbp_total_topic_count":0,"_bbp_total_reply_count":0,"_bbp_voice_count":0,"_bbp_anonymous_reply_count":0,"_bbp_topic_count_hidden":0,"_bbp_reply_count_hidden":0,"_bbp_forum_subforum_count":0,"footnotes":""},"categories":[112,1,4],"tags":[],"class_list":["post-2446","post","type-post","status-publish","format-standard","hentry","category-escola","category-general","category-portada"],"post_mailing_queue_ids":[],"_links":{"self":[{"href":"https:\/\/agora.xtec.cat\/ceipbalmes\/wp-json\/wp\/v2\/posts\/2446","targetHints":{"allow":["GET"]}}],"collection":[{"href":"https:\/\/agora.xtec.cat\/ceipbalmes\/wp-json\/wp\/v2\/posts"}],"about":[{"href":"https:\/\/agora.xtec.cat\/ceipbalmes\/wp-json\/wp\/v2\/types\/post"}],"author":[{"embeddable":true,"href":"https:\/\/agora.xtec.cat\/ceipbalmes\/wp-json\/wp\/v2\/users\/11"}],"replies":[{"embeddable":true,"href":"https:\/\/agora.xtec.cat\/ceipbalmes\/wp-json\/wp\/v2\/comments?post=2446"}],"version-history":[{"count":4,"href":"https:\/\/agora.xtec.cat\/ceipbalmes\/wp-json\/wp\/v2\/posts\/2446\/revisions"}],"predecessor-version":[{"id":2453,"href":"https:\/\/agora.xtec.cat\/ceipbalmes\/wp-json\/wp\/v2\/posts\/2446\/revisions\/2453"}],"wp:attachment":[{"href":"https:\/\/agora.xtec.cat\/ceipbalmes\/wp-json\/wp\/v2\/media?parent=2446"}],"wp:term":[{"taxonomy":"category","embeddable":true,"href":"https:\/\/agora.xtec.cat\/ceipbalmes\/wp-json\/wp\/v2\/categories?post=2446"},{"taxonomy":"post_tag","embeddable":true,"href":"https:\/\/agora.xtec.cat\/ceipbalmes\/wp-json\/wp\/v2\/tags?post=2446"}],"curies":[{"name":"wp","href":"https:\/\/api.w.org\/{rel}","templated":true}]}}