{"id":2443,"date":"2024-01-18T13:32:27","date_gmt":"2024-01-18T12:32:27","guid":{"rendered":"https:\/\/agora.xtec.cat\/ceipbalmes\/?p=2443"},"modified":"2024-01-18T13:32:27","modified_gmt":"2024-01-18T12:32:27","slug":"concert-dhivern","status":"publish","type":"post","link":"https:\/\/agora.xtec.cat\/ceipbalmes\/general\/concert-dhivern\/","title":{"rendered":"Concert d&#8217;hivern!"},"content":{"rendered":"<p><span style=\"font-weight: 400;\">El passat 19 de desembre vam celebrar la festa de l\u2019hivern, com cada any vam fer un concert on cada curs va representar una can\u00e7\u00f3 i va recitar un poema. Va estar molt emocionant escoltar i veure tot l\u2019alumnat a sobre de l\u2019escenari!<\/span><\/p>\n<p><span style=\"font-weight: 400;\">Tamb\u00e9 en aquesta festa i coincidint amb l\u2019\u00faltim dia de trimestre, el 20 de desembre,\u00a0 els i les alumnes van cagar el Ti\u00f3, \u00e9s una tradici\u00f3 que es repeteix cada any i als alumnes els encanta veure els seus regals!\u00a0<\/span><\/p>\n<p><a href=\"https:\/\/www.instagram.com\/reel\/C1IXdwkoaKo\/?utm_source=ig_web_button_share_sheet&amp;igsh=MzRlODBiNWFlZA==\" target=\"_blank\" rel=\"noopener\"> IMATGES DEL CONCERT<\/a><\/p>\n","protected":false},"excerpt":{"rendered":"<p>El passat 19 de desembre vam celebrar la festa de l\u2019hivern, com cada any vam fer un concert on cada curs va representar una can\u00e7\u00f3 i va recitar un poema. Va estar molt emocionant escoltar i veure tot l\u2019alumnat a sobre de l\u2019escenari!<br \/>\nTamb\u00e9 en aquesta&hellip;  <a href=\"https:\/\/agora.xtec.cat\/ceipbalmes\/general\/concert-dhivern\/\" title=\"Read Concert d&#8217;hivern!\">Llegeix m\u00e9s\u00bb<\/a><\/p>\n","protected":false},"author":11,"featured_media":0,"comment_status":"open","ping_status":"closed","sticky":false,"template":"","format":"standard","meta":{"_bbp_topic_count":0,"_bbp_reply_count":0,"_bbp_total_topic_count":0,"_bbp_total_reply_count":0,"_bbp_voice_count":0,"_bbp_anonymous_reply_count":0,"_bbp_topic_count_hidden":0,"_bbp_reply_count_hidden":0,"_bbp_forum_subforum_count":0,"footnotes":""},"categories":[112,1],"tags":[],"class_list":["post-2443","post","type-post","status-publish","format-standard","hentry","category-escola","category-general"],"post_mailing_queue_ids":[],"_links":{"self":[{"href":"https:\/\/agora.xtec.cat\/ceipbalmes\/wp-json\/wp\/v2\/posts\/2443","targetHints":{"allow":["GET"]}}],"collection":[{"href":"https:\/\/agora.xtec.cat\/ceipbalmes\/wp-json\/wp\/v2\/posts"}],"about":[{"href":"https:\/\/agora.xtec.cat\/ceipbalmes\/wp-json\/wp\/v2\/types\/post"}],"author":[{"embeddable":true,"href":"https:\/\/agora.xtec.cat\/ceipbalmes\/wp-json\/wp\/v2\/users\/11"}],"replies":[{"embeddable":true,"href":"https:\/\/agora.xtec.cat\/ceipbalmes\/wp-json\/wp\/v2\/comments?post=2443"}],"version-history":[{"count":2,"href":"https:\/\/agora.xtec.cat\/ceipbalmes\/wp-json\/wp\/v2\/posts\/2443\/revisions"}],"predecessor-version":[{"id":2445,"href":"https:\/\/agora.xtec.cat\/ceipbalmes\/wp-json\/wp\/v2\/posts\/2443\/revisions\/2445"}],"wp:attachment":[{"href":"https:\/\/agora.xtec.cat\/ceipbalmes\/wp-json\/wp\/v2\/media?parent=2443"}],"wp:term":[{"taxonomy":"category","embeddable":true,"href":"https:\/\/agora.xtec.cat\/ceipbalmes\/wp-json\/wp\/v2\/categories?post=2443"},{"taxonomy":"post_tag","embeddable":true,"href":"https:\/\/agora.xtec.cat\/ceipbalmes\/wp-json\/wp\/v2\/tags?post=2443"}],"curies":[{"name":"wp","href":"https:\/\/api.w.org\/{rel}","templated":true}]}}