{"id":2431,"date":"2023-11-23T13:16:42","date_gmt":"2023-11-23T12:16:42","guid":{"rendered":"https:\/\/agora.xtec.cat\/ceipbalmes\/?p=2431"},"modified":"2024-02-15T14:00:28","modified_gmt":"2024-02-15T13:00:28","slug":"festa-de-la-castanyada-2023","status":"publish","type":"post","link":"https:\/\/agora.xtec.cat\/ceipbalmes\/general\/festa-de-la-castanyada-2023\/","title":{"rendered":"FESTA DE LA CASTANYADA 2023"},"content":{"rendered":"<p>Aquest any com \u00e9s costum a l\u2019escola hem celebrat la Castanyada, tots i totes, petits i grans hem gaudit de les activitats. Cada curs ha cuinat panellets que despr\u00e9s han menjat, treballant la recepta d\u2019aquest dol\u00e7 tan tradicional.<br \/>\nAl llarg de la setmana les fam\u00edlies han fet obres art\u00edstiques de tardor amb materials per reciclar amb uns resultats espectaculars i originals que han estat exposats perqu\u00e8 tothom en gaud\u00eds.<br \/>\nTamb\u00e9 hem rebut una visita molt especial, la castanyera! Els infants petits i mitjans de l\u2019escola han pogut gaudir de les hist\u00f2ries d\u2019aquest personatge tan emblem\u00e0tic.<br \/>\nEl dimarts 31 hem convidat a les fam\u00edlies perqu\u00e8 ens veiessin ballant les danses tradicionals que hav\u00edem estat assajant. Ha estat una tarda molt bonica on fam\u00edlies i escola hem compartit una estona menjant castanyes que la nostra AFA havia torrat.<br \/>\nGr\u00e0cies a tots i totes i fins a la propera!<br \/>\n<a href=\"https:\/\/agora.xtec.cat\/ceipbalmes\/wp-content\/uploads\/usu527\/2023\/11\/castanyada.jpg\"><img loading=\"lazy\" decoding=\"async\" class=\"alignnone wp-image-2433\" src=\"https:\/\/agora.xtec.cat\/ceipbalmes\/wp-content\/uploads\/usu527\/2023\/11\/castanyada-1024x768.jpg\" alt=\"\" width=\"737\" height=\"553\" srcset=\"https:\/\/agora.xtec.cat\/ceipbalmes\/wp-content\/uploads\/usu527\/2023\/11\/castanyada-1024x768.jpg 1024w, https:\/\/agora.xtec.cat\/ceipbalmes\/wp-content\/uploads\/usu527\/2023\/11\/castanyada-300x225.jpg 300w, https:\/\/agora.xtec.cat\/ceipbalmes\/wp-content\/uploads\/usu527\/2023\/11\/castanyada-768x576.jpg 768w, https:\/\/agora.xtec.cat\/ceipbalmes\/wp-content\/uploads\/usu527\/2023\/11\/castanyada-1536x1152.jpg 1536w, https:\/\/agora.xtec.cat\/ceipbalmes\/wp-content\/uploads\/usu527\/2023\/11\/castanyada-200x150.jpg 200w, https:\/\/agora.xtec.cat\/ceipbalmes\/wp-content\/uploads\/usu527\/2023\/11\/castanyada.jpg 2000w\" sizes=\"auto, (max-width: 737px) 100vw, 737px\" \/><\/a><\/p>\n","protected":false},"excerpt":{"rendered":"<p>Aquest any com \u00e9s costum a l\u2019escola hem celebrat la Castanyada, tots i totes, petits i grans hem gaudit de les activitats. Cada curs ha cuinat panellets que despr\u00e9s han menjat, treballant la recepta d\u2019aquest dol\u00e7 tan tradicional.<br \/>\nAl llarg de la setmana les fam\u00edlies han&hellip;  <a href=\"https:\/\/agora.xtec.cat\/ceipbalmes\/general\/festa-de-la-castanyada-2023\/\" title=\"Read FESTA DE LA CASTANYADA 2023\">Llegeix m\u00e9s\u00bb<\/a><\/p>\n","protected":false},"author":11,"featured_media":0,"comment_status":"open","ping_status":"closed","sticky":false,"template":"","format":"standard","meta":{"_bbp_topic_count":0,"_bbp_reply_count":0,"_bbp_total_topic_count":0,"_bbp_total_reply_count":0,"_bbp_voice_count":0,"_bbp_anonymous_reply_count":0,"_bbp_topic_count_hidden":0,"_bbp_reply_count_hidden":0,"_bbp_forum_subforum_count":0,"footnotes":""},"categories":[112,1],"tags":[],"class_list":["post-2431","post","type-post","status-publish","format-standard","hentry","category-escola","category-general"],"post_mailing_queue_ids":[],"_links":{"self":[{"href":"https:\/\/agora.xtec.cat\/ceipbalmes\/wp-json\/wp\/v2\/posts\/2431","targetHints":{"allow":["GET"]}}],"collection":[{"href":"https:\/\/agora.xtec.cat\/ceipbalmes\/wp-json\/wp\/v2\/posts"}],"about":[{"href":"https:\/\/agora.xtec.cat\/ceipbalmes\/wp-json\/wp\/v2\/types\/post"}],"author":[{"embeddable":true,"href":"https:\/\/agora.xtec.cat\/ceipbalmes\/wp-json\/wp\/v2\/users\/11"}],"replies":[{"embeddable":true,"href":"https:\/\/agora.xtec.cat\/ceipbalmes\/wp-json\/wp\/v2\/comments?post=2431"}],"version-history":[{"count":1,"href":"https:\/\/agora.xtec.cat\/ceipbalmes\/wp-json\/wp\/v2\/posts\/2431\/revisions"}],"predecessor-version":[{"id":2436,"href":"https:\/\/agora.xtec.cat\/ceipbalmes\/wp-json\/wp\/v2\/posts\/2431\/revisions\/2436"}],"wp:attachment":[{"href":"https:\/\/agora.xtec.cat\/ceipbalmes\/wp-json\/wp\/v2\/media?parent=2431"}],"wp:term":[{"taxonomy":"category","embeddable":true,"href":"https:\/\/agora.xtec.cat\/ceipbalmes\/wp-json\/wp\/v2\/categories?post=2431"},{"taxonomy":"post_tag","embeddable":true,"href":"https:\/\/agora.xtec.cat\/ceipbalmes\/wp-json\/wp\/v2\/tags?post=2431"}],"curies":[{"name":"wp","href":"https:\/\/api.w.org\/{rel}","templated":true}]}}